{"id":11545,"date":"2024-07-01T18:48:18","date_gmt":"2024-07-01T16:48:18","guid":{"rendered":"https:\/\/meier-gerdingh.de\/wp-spd-ob\/?p=11545"},"modified":"2024-07-03T18:51:15","modified_gmt":"2024-07-03T16:51:15","slug":"umgebauter-bunker-zieht-viele-neugierige-an","status":"publish","type":"post","link":"https:\/\/meier-gerdingh.de\/wp-spd-ob\/2024\/07\/01\/umgebauter-bunker-zieht-viele-neugierige-an\/","title":{"rendered":"Umgebauter Bunker zieht viele Neugierige an"},"content":{"rendered":"<div id=\"attachment_9434\" style=\"width: 170px\" class=\"wp-caption alignleft\"><a href=\"https:\/\/meier-gerdingh.de\/wp-spd-ob\/wp-content\/uploads\/2022\/10\/real-ulrich-portrait-lg.jpg\"><img aria-describedby=\"caption-attachment-9434\" decoding=\"async\" class=\"size-full wp-image-9434\" src=\"https:\/\/meier-gerdingh.de\/wp-spd-ob\/wp-content\/uploads\/2022\/10\/real-ulrich-portrait.jpg\" alt=\"\" width=\"160\" height=\"200\" \/><\/a><p id=\"caption-attachment-9434\" class=\"wp-caption-text\">Ulrich Real ist Bezirksb\u00fcrgermeister von Sterkrade und planungspolitischer Sprecher der SPD-Ratsfraktion<\/p><\/div>\n<p>Ende vergangener Woche haben gut 150 B\u00fcrgerinnen und B\u00fcrger die Gelegenheit genutzt, sich den umgebauten Bunker in Holten ganz exklusiv aus der N\u00e4he anzuschauen. Die drei Investoren und Bauherren Ahmet Tunc, Dieter Giesendorf und Muhamet Ali Aslan hatten dies gemeinsam mit dem Bezirksb\u00fcrgermeister Ulrich Real und dem Holtener SPD-Stadtverordneten Helmut Brodrick erm\u00f6glicht.<\/p>\n<p>Der ehemals graue und unauff\u00e4llige Bunker hat sich in ein Bauwerk ganz eigener Art verwandelt. Bezirksb\u00fcrgermeister Real zeigte sich beeindruckt: &#8222;Es ist erstaunlich zu sehen, wie ein St\u00fcck unserer Geschichte in eine moderne und wohnliche Einrichtung verwandelt wurde. Der Umbau ist ein Paradebeispiel daf\u00fcr, wie durch Engagement und Kreativit\u00e4t neue Lebensr\u00e4ume geschaffen werden k\u00f6nnen.&#8220; Auch der Stadtverordnete Brodrick lobte das Projekt: &#8222;Es zeigt, wie Einzigartiges geschaffen werden kann, das nicht nur funktional, sondern auch \u00e4sthetisch ansprechend ist.&#8220;<!--more--><\/p>\n<p>Die Resonanz der B\u00fcrgerinnen und B\u00fcrger war durchweg positiv. Viele zeigten sich beeindruckt von der modernen Ausstattung und der durchdachten Gestaltung der R\u00e4ume. Der umgebaute Bunker in Holten steht nun als Symbol f\u00fcr die gelungene Verbindung von Geschichte und Moderne.<\/p>\n<p>Weitere Informationen zum Projekt erteilt der Makler Christian Trimborn: <a href=\"http:\/\/www.ct-immobilien.de\">www.ct-immobilien.de<\/a><\/p>\n","protected":false},"excerpt":{"rendered":"<p>Ende vergangener Woche haben gut 150 B\u00fcrgerinnen und B\u00fcrger die Gelegenheit genutzt, sich den umgebauten Bunker in Holten ganz exklusiv aus der N\u00e4he anzuschauen. Die drei Investoren und Bauherren Ahmet&hellip; <\/p>\n","protected":false},"author":1,"featured_media":0,"comment_status":"closed","ping_status":"closed","sticky":false,"template":"","format":"standard","meta":{"footnotes":""},"categories":[27,167],"tags":[4134,386,4136,4135],"quellen":[326],"class_list":["post-11545","post","type-post","status-publish","format-standard","hentry","category-planen-bauen-wohnen-verkehr","category-stadtteile","tag-apartment-bunker-holten","tag-holten","tag-immobilienentwicklung","tag-wohn-bunker","quellen-spd-fraktion-oberhausen"],"_links":{"self":[{"href":"https:\/\/meier-gerdingh.de\/wp-spd-ob\/wp-json\/wp\/v2\/posts\/11545","targetHints":{"allow":["GET"]}}],"collection":[{"href":"https:\/\/meier-gerdingh.de\/wp-spd-ob\/wp-json\/wp\/v2\/posts"}],"about":[{"href":"https:\/\/meier-gerdingh.de\/wp-spd-ob\/wp-json\/wp\/v2\/types\/post"}],"author":[{"embeddable":true,"href":"https:\/\/meier-gerdingh.de\/wp-spd-ob\/wp-json\/wp\/v2\/users\/1"}],"replies":[{"embeddable":true,"href":"https:\/\/meier-gerdingh.de\/wp-spd-ob\/wp-json\/wp\/v2\/comments?post=11545"}],"version-history":[{"count":0,"href":"https:\/\/meier-gerdingh.de\/wp-spd-ob\/wp-json\/wp\/v2\/posts\/11545\/revisions"}],"wp:attachment":[{"href":"https:\/\/meier-gerdingh.de\/wp-spd-ob\/wp-json\/wp\/v2\/media?parent=11545"}],"wp:term":[{"taxonomy":"category","embeddable":true,"href":"https:\/\/meier-gerdingh.de\/wp-spd-ob\/wp-json\/wp\/v2\/categories?post=11545"},{"taxonomy":"post_tag","embeddable":true,"href":"https:\/\/meier-gerdingh.de\/wp-spd-ob\/wp-json\/wp\/v2\/tags?post=11545"},{"taxonomy":"quellen","embeddable":true,"href":"https:\/\/meier-gerdingh.de\/wp-spd-ob\/wp-json\/wp\/v2\/quellen?post=11545"}],"curies":[{"name":"wp","href":"https:\/\/api.w.org\/{rel}","templated":true}]}}