{"id":11546,"date":"2024-07-03T19:04:54","date_gmt":"2024-07-03T17:04:54","guid":{"rendered":"https:\/\/meier-gerdingh.de\/wp-spd-ob\/?p=11546"},"modified":"2024-07-03T19:04:54","modified_gmt":"2024-07-03T17:04:54","slug":"landesregierung-muss-arbeitsfaehigkeit-von-traegern-der-integrationsarbeit-und-der-sozialen-beratung-von-gefluechteten-sicherstellen","status":"publish","type":"post","link":"https:\/\/meier-gerdingh.de\/wp-spd-ob\/2024\/07\/03\/landesregierung-muss-arbeitsfaehigkeit-von-traegern-der-integrationsarbeit-und-der-sozialen-beratung-von-gefluechteten-sicherstellen\/","title":{"rendered":"Landesregierung muss Arbeitsf\u00e4higkeit von Tr\u00e4gern der Integrationsarbeit und der sozialen Beratung von Gefl\u00fcchteten sicherstellen"},"content":{"rendered":"<p><a href=\"https:\/\/meier-gerdingh.de\/wp-spd-ob\/wp-content\/uploads\/2023\/03\/banner-diese-woche-im-landtag-01.jpg\"><img decoding=\"async\" class=\"aligncenter size-full wp-image-10267\" src=\"https:\/\/meier-gerdingh.de\/wp-spd-ob\/wp-content\/uploads\/2023\/03\/banner-diese-woche-im-landtag-01.jpg\" alt=\"\" width=\"700\" height=\"258\" srcset=\"https:\/\/meier-gerdingh.de\/wp-spd-ob\/wp-content\/uploads\/2023\/03\/banner-diese-woche-im-landtag-01.jpg 700w, https:\/\/meier-gerdingh.de\/wp-spd-ob\/wp-content\/uploads\/2023\/03\/banner-diese-woche-im-landtag-01-300x111.jpg 300w\" sizes=\"(max-width: 700px) 100vw, 700px\" \/><\/a>Seit Beginn des Jahres 2024 stehen Integrationsagenturen, Servicestellen f\u00fcr Antidiskriminierung sowie Interkulturelle Zentren massiv unter finanziellem Druck. Trotz absehbarem Ende der Projektlaufzeiten zum Ende des Jahres 2023 hat die Landesregierung es nicht geschafft, ihre F\u00f6rderrichtlinien rechtzeitig anzupassen, so dass die Tr\u00e4ger dieser Programme ihre Arbeit verl\u00e4sslich weiterf\u00fchren konnten. Bereits seit dem 31. Dezember 2022 sind die F\u00f6rdererrichtlinien in diesem Bereich au\u00dfer Kraft getreten.<\/p>\n<p>&#8222;Nach eigenen Angaben des Ministeriums waren f\u00fcr den Zeitraum ab dem Jahr 2024 neue F\u00f6rderrichtlinien zu erstellen. Diese liegen aber bis heute nicht vor. Die fehlende Fertigstellung und Ver\u00f6ffentlichung der neuen F\u00f6rderrichtlinien f\u00fchren dazu, dass die Tr\u00e4ger dieser Programme in finanzielle Notlagen versetzt werden und in Vorleistungen gehen m\u00fcssen, um die Fortf\u00fchrung der Programme zu gew\u00e4hrleisten. Auch wenn Vorleistungen seitens der Tr\u00e4ger immer wieder vorkommen, sind diese nach sechs Monaten nicht mehr hinnehmbar, f\u00fcr einige bald nicht mehr leistbar und damit riskiert die Landesregierung einen wichtigen Bestandteil der so wichtigen integrationspolitischen Infrastruktur unseres Landes&#8220;, erkl\u00e4rte die SPD-Landtagsabgeordnete Sonja Bongers.<!--more--><\/p>\n<h3 class=\"spd-ob-crossheading\">Unsicherheit<\/h3>\n<p>Die wichtige Arbeit der Beratungsstellen der Freien Wohlfahrt und ihrer Kooperationspartner, die gefl\u00fcchteten Menschen ein individuelles, vertrauliches und ergebnisoffenes Beratungsangebot durch qualifizierte Fachkr\u00e4fte anbieten, seien schon heute bedroht, so Bongers weiter und verweist auf den offenen Brief der Arbeitsgemeinschaft der Spitzenverb\u00e4nde der Freien Wohlfahrtspflege NRW. Dort hei\u00dft es: &#8222;Noch nie in der Geschichte dieses Programms waren so viele Stellen langfristig unbesetzt. Noch nie zuvor sahen sich so viele engagierte Tr\u00e4ger gezwungen, aus der &#8222;Sozialen Beratung von Gefl\u00fcchteten&#8220; auszusteigen&#8220;.<\/p>\n<p>&#8222;Die Landesregierung erschwert aufgrund selbstauferlegter B\u00fcrokratieaufw\u00fcchse wertvolle Integrationsleistungen von engagierten Tr\u00e4gern vor Ort, ohne die die Integrationsarbeit in NRW nicht leistbar w\u00e4re. Die Schaffung der rechtlichen und finanziellen Rahmenbedingungen f\u00fcr Tr\u00e4ger, haupt- und ehrenamtliche Mitarbeiterinnen und Mitarbeiter, die sich unerm\u00fcdlich f\u00fcr den Zusammenhalt unserer Gesellschaft und f\u00fcr eine schnelle Integration von Gefl\u00fcchteten einsetzen, ist auch ein Zeichen von Wertsch\u00e4tzung und Anerkennung dieser Arbeit vor Ort in unseren Kommunen. Die Aufgabe der Landesregierung ist es den Tr\u00e4gern die notwendigen Rahmenbedingungen zu gew\u00e4hrleisten&#8220;, sagt die SPD-Rechtspolitikerin.<\/p>\n<p>&#8222;Wir brauchen jetzt so schnell wie m\u00f6glich die neuen F\u00f6rderrichtlinien, die f\u00fcr Januar 2024 vorgesehen waren. Den Tr\u00e4gern dieser Programme m\u00fcssen unverz\u00fcglich pragmatische L\u00f6sungen zur Finanzierung ihrer Arbeit vor Ort gew\u00e4hrt werden. Dazu z\u00e4hlen auch R\u00fcckzahlungen an betroffene Tr\u00e4ger f\u00fcr den Zeitraum von Januar bis Juni. Zudem sollten die neuen F\u00f6rderrichtlinien langfristige F\u00f6rderphasen erm\u00f6glichen, um so Sicherheit f\u00fcr die Tr\u00e4ger zu schaffen&#8220;, so Bongers abschlie\u00dfend.<\/p>\n","protected":false},"excerpt":{"rendered":"<p>Seit Beginn des Jahres 2024 stehen Integrationsagenturen, Servicestellen f\u00fcr Antidiskriminierung sowie Interkulturelle Zentren massiv unter finanziellem Druck. Trotz absehbarem Ende der Projektlaufzeiten zum Ende des Jahres 2023 hat die Landesregierung&hellip; <\/p>\n","protected":false},"author":1,"featured_media":0,"comment_status":"closed","ping_status":"closed","sticky":false,"template":"","format":"standard","meta":{"footnotes":""},"categories":[4120,61,216],"tags":[209,575,4138,1576,4140,3667,4137,4139,1784],"quellen":[1317],"class_list":["post-11546","post","type-post","status-publish","format-standard","hentry","category-die-woche-im-landtag","category-integration","category-land","tag-fluechtlinge","tag-fluechtlingsintegration","tag-foerderrichtlinien","tag-freie-traeger","tag-freie-wohlfahrtspflege-nrw","tag-gefluechtete","tag-integrationsarbeit","tag-traeger-der-integrationsarbeit","tag-wohlfahrtsverbaende","quellen-mdl-sonja-bongers"],"_links":{"self":[{"href":"https:\/\/meier-gerdingh.de\/wp-spd-ob\/wp-json\/wp\/v2\/posts\/11546","targetHints":{"allow":["GET"]}}],"collection":[{"href":"https:\/\/meier-gerdingh.de\/wp-spd-ob\/wp-json\/wp\/v2\/posts"}],"about":[{"href":"https:\/\/meier-gerdingh.de\/wp-spd-ob\/wp-json\/wp\/v2\/types\/post"}],"author":[{"embeddable":true,"href":"https:\/\/meier-gerdingh.de\/wp-spd-ob\/wp-json\/wp\/v2\/users\/1"}],"replies":[{"embeddable":true,"href":"https:\/\/meier-gerdingh.de\/wp-spd-ob\/wp-json\/wp\/v2\/comments?post=11546"}],"version-history":[{"count":0,"href":"https:\/\/meier-gerdingh.de\/wp-spd-ob\/wp-json\/wp\/v2\/posts\/11546\/revisions"}],"wp:attachment":[{"href":"https:\/\/meier-gerdingh.de\/wp-spd-ob\/wp-json\/wp\/v2\/media?parent=11546"}],"wp:term":[{"taxonomy":"category","embeddable":true,"href":"https:\/\/meier-gerdingh.de\/wp-spd-ob\/wp-json\/wp\/v2\/categories?post=11546"},{"taxonomy":"post_tag","embeddable":true,"href":"https:\/\/meier-gerdingh.de\/wp-spd-ob\/wp-json\/wp\/v2\/tags?post=11546"},{"taxonomy":"quellen","embeddable":true,"href":"https:\/\/meier-gerdingh.de\/wp-spd-ob\/wp-json\/wp\/v2\/quellen?post=11546"}],"curies":[{"name":"wp","href":"https:\/\/api.w.org\/{rel}","templated":true}]}}