{"id":11548,"date":"2024-07-03T19:12:29","date_gmt":"2024-07-03T17:12:29","guid":{"rendered":"https:\/\/meier-gerdingh.de\/wp-spd-ob\/?p=11548"},"modified":"2024-07-03T19:12:29","modified_gmt":"2024-07-03T17:12:29","slug":"das-land-nrw-muss-sich-fuer-eine-neuregelung-der-sommerferienzeiten-einsetzen","status":"publish","type":"post","link":"https:\/\/meier-gerdingh.de\/wp-spd-ob\/2024\/07\/03\/das-land-nrw-muss-sich-fuer-eine-neuregelung-der-sommerferienzeiten-einsetzen\/","title":{"rendered":"Das Land NRW muss sich f\u00fcr eine Neuregelung der Sommerferienzeiten einsetzen"},"content":{"rendered":"<p><a href=\"https:\/\/meier-gerdingh.de\/wp-spd-ob\/wp-content\/uploads\/2023\/03\/banner-diese-woche-im-landtag-01.jpg\"><img decoding=\"async\" class=\"aligncenter size-full wp-image-10267\" src=\"https:\/\/meier-gerdingh.de\/wp-spd-ob\/wp-content\/uploads\/2023\/03\/banner-diese-woche-im-landtag-01.jpg\" alt=\"\" width=\"700\" height=\"258\" srcset=\"https:\/\/meier-gerdingh.de\/wp-spd-ob\/wp-content\/uploads\/2023\/03\/banner-diese-woche-im-landtag-01.jpg 700w, https:\/\/meier-gerdingh.de\/wp-spd-ob\/wp-content\/uploads\/2023\/03\/banner-diese-woche-im-landtag-01-300x111.jpg 300w\" sizes=\"(max-width: 700px) 100vw, 700px\" \/><\/a>Sommerzeit, Ferienzeit, Hitzezeit. In Nordrhein-Westfalen steht der Beginn der diesj\u00e4hrigen Sommerferien am 8. Juli kurz vor der T\u00fcr, w\u00e4hrend sich andere Bundesl\u00e4nder bereits seit zwei Wochen in den Ferien befinden. Denn der Beginn der Sommerferien variiert in Deutschland von Bundesland zu Bundesland. So soll verhindert werden, dass Millionen von Familien gleichzeitig in den Urlaub fahren und es bundesweit zu einem enormen Verkehrschaos k\u00e4me.<\/p>\n<p>Wann ein Bundesland in die Sommerferien startet, ist dabei von Jahr zu Jahr unterschiedlich. Das rotierende System, das nach L\u00e4ndergruppen gestaffelt ist, sorgt daf\u00fcr, dass sich kein Bundesland benachteiligt f\u00fchlt. Einzig und allein Bayern und Baden-W\u00fcrttemberg beteiligen sich nicht an diesem bew\u00e4hrten Verfahren, und starten jedes Jahr Ende Juli Anfang August in die Sommerferien.<!--more--><\/p>\n<p>Seit den 1950er Jahren begr\u00fcnden die beiden Bundesl\u00e4nder ihre Ausnahmeregelung damit, dass in den s\u00fcdlich gelegeneren Bundesl\u00e4ndern die Kinder bei der Ernte helfen m\u00fcssten. Dass diese Sonderstellung schon lange aus der Zeit gefallen ist, hat auch Ministerpr\u00e4sident Hendrik W\u00fcst bereits 2022 erkannt. In einer Pressekonferenz im August 2022 verk\u00fcndete W\u00fcst, er w\u00fcrde sich auf der Kultusministerkonferenz f\u00fcr ein Ende der Bevorzugung der beiden Bundesl\u00e4nder einsetzen &#8211; bisher scheint es jedoch, als seien dies nicht mehr als warme Worte gewesen.<\/p>\n<p>In Deutschland gelten die Monate Juli bis September als die w\u00e4rmsten des Jahres. Insbesondere im Juli und August klettern die Temperaturen auf ein Maximum, wenn sich die Luftmassen so richtig aufgeheizt haben. Die Hitzewellen der vergangenen Jahre beeintr\u00e4chtigen immer wieder den Unterrichtsalltag an den Schulen. Denn viele Schulgeb\u00e4ude sind nicht ausreichend auf extreme Au\u00dfentemperaturen ausgelegt. Nicht selten klettern die Thermometer in den Klassenr\u00e4umen daher deutlich \u00fcber die 27-Grad-Marke. Konzentration und vern\u00fcnftiges Lernen ist bei diesen Temperaturen undenkbar.<\/p>\n<p>W\u00e4hrend f\u00fcr Grundschulen sowie Sch\u00fclerinnen und Sch\u00fcler der Sekundarstufe I dann die &#8222;Hitzefrei Regelung&#8220; gilt, m\u00fcssen Oberstufensch\u00fclerinnen und -sch\u00fcler in der Schule lernen, egal wie hei\u00df es ist. Gleichzeitig fallen aufgrund von Hitzefrei jedes Jahr zahlreiche wertvolle Unterrichtsstunden aus. Zum einen ist in Zeiten eines enormen Lehrkr\u00e4ftemangels jede Unterrichtsstunde wertvoll.<\/p>\n<h3 class=\"spd-ob-crossheading\">Schwierige Betreuung<\/h3>\n<p>Zum anderen stellt der Unterrichtsausfall berufst\u00e4tige Familien mit j\u00fcngeren Kindern immer wieder vor die Herausforderung die Betreuung ihrer Kinder zu gew\u00e4hrleisten. Eine Neuregelung der Sommerferienzeiten k\u00f6nnte hier Abhilfe schaffen.<\/p>\n<p>&#8222;Ministerpr\u00e4sident Hendrik W\u00fcst muss sich daher auf KMK-Ebene endlich f\u00fcr ein gemeinsames Vorgehen aller Bundesl\u00e4nder einsetzen, sodass auch Nordrhein-Westfalen regelm\u00e4\u00dfig von einem sp\u00e4ten Ferienbeginn profitieren kann. Hierzu muss der Sonderstellung von Bayern und Baden-W\u00fcrttemberg ein Ende gesetzt werden. Dar\u00fcber hinaus ist die Landesregierung gefragt, die Kommunen beim fl\u00e4chendeckenden Schutz vor zuk\u00fcnftigen Hitzewellen zu unterst\u00fctzen&#8220;, sagt die SPD-Rechtsexpertin Sonja Bongers.<\/p>\n","protected":false},"excerpt":{"rendered":"<p>Sommerzeit, Ferienzeit, Hitzezeit. In Nordrhein-Westfalen steht der Beginn der diesj\u00e4hrigen Sommerferien am 8. Juli kurz vor der T\u00fcr, w\u00e4hrend sich andere Bundesl\u00e4nder bereits seit zwei Wochen in den Ferien befinden.&hellip; <\/p>\n","protected":false},"author":1,"featured_media":0,"comment_status":"closed","ping_status":"closed","sticky":false,"template":"","format":"standard","meta":{"footnotes":""},"categories":[4120,216,2],"tags":[2013,4146,2365,4145,4144],"quellen":[1317],"class_list":["post-11548","post","type-post","status-publish","format-standard","hentry","category-die-woche-im-landtag","category-land","category-schule","tag-hitzewellen","tag-neuregelung-sommerferienzeiten","tag-sommerferien","tag-sommerferienbeginn","tag-sommerferienzeiten","quellen-mdl-sonja-bongers"],"_links":{"self":[{"href":"https:\/\/meier-gerdingh.de\/wp-spd-ob\/wp-json\/wp\/v2\/posts\/11548","targetHints":{"allow":["GET"]}}],"collection":[{"href":"https:\/\/meier-gerdingh.de\/wp-spd-ob\/wp-json\/wp\/v2\/posts"}],"about":[{"href":"https:\/\/meier-gerdingh.de\/wp-spd-ob\/wp-json\/wp\/v2\/types\/post"}],"author":[{"embeddable":true,"href":"https:\/\/meier-gerdingh.de\/wp-spd-ob\/wp-json\/wp\/v2\/users\/1"}],"replies":[{"embeddable":true,"href":"https:\/\/meier-gerdingh.de\/wp-spd-ob\/wp-json\/wp\/v2\/comments?post=11548"}],"version-history":[{"count":0,"href":"https:\/\/meier-gerdingh.de\/wp-spd-ob\/wp-json\/wp\/v2\/posts\/11548\/revisions"}],"wp:attachment":[{"href":"https:\/\/meier-gerdingh.de\/wp-spd-ob\/wp-json\/wp\/v2\/media?parent=11548"}],"wp:term":[{"taxonomy":"category","embeddable":true,"href":"https:\/\/meier-gerdingh.de\/wp-spd-ob\/wp-json\/wp\/v2\/categories?post=11548"},{"taxonomy":"post_tag","embeddable":true,"href":"https:\/\/meier-gerdingh.de\/wp-spd-ob\/wp-json\/wp\/v2\/tags?post=11548"},{"taxonomy":"quellen","embeddable":true,"href":"https:\/\/meier-gerdingh.de\/wp-spd-ob\/wp-json\/wp\/v2\/quellen?post=11548"}],"curies":[{"name":"wp","href":"https:\/\/api.w.org\/{rel}","templated":true}]}}