{"id":11554,"date":"2024-07-05T18:12:45","date_gmt":"2024-07-05T16:12:45","guid":{"rendered":"https:\/\/meier-gerdingh.de\/wp-spd-ob\/?p=11554"},"modified":"2024-07-05T18:12:45","modified_gmt":"2024-07-05T16:12:45","slug":"nrw-muss-seinen-pflichten-nachkommen","status":"publish","type":"post","link":"https:\/\/meier-gerdingh.de\/wp-spd-ob\/2024\/07\/05\/nrw-muss-seinen-pflichten-nachkommen\/","title":{"rendered":"NRW muss seinen Pflichten nachkommen"},"content":{"rendered":"<div id=\"attachment_9529\" style=\"width: 170px\" class=\"wp-caption alignleft\"><a href=\"https:\/\/meier-gerdingh.de\/wp-spd-ob\/wp-content\/uploads\/2022\/10\/zimkeit-stefan-22-lg.jpg\"><img aria-describedby=\"caption-attachment-9529\" decoding=\"async\" class=\"size-full wp-image-9529\" src=\"https:\/\/meier-gerdingh.de\/wp-spd-ob\/wp-content\/uploads\/2022\/10\/zimkeit-stefan-22.jpg\" alt=\"\" width=\"160\" height=\"200\" \/><\/a><p id=\"caption-attachment-9529\" class=\"wp-caption-text\">Stefan Zimkeit ist Landtagsabgeordneter f\u00fcr Oberhausen-Sterkrade und Dinslaken<\/p><\/div>\n<p>&#8222;NRW muss eigene finanzielle Mittel f\u00fcr das Startchancen-Programm bereitstellen&#8220;, fordert Stefan Zimkeit. &#8222;Der Bund \u00fcberweist 2,3 Milliarden Euro an NRW, um einen Beitrag f\u00fcr faire Bildungschancen f\u00fcr Kinder und Jugendliche zu leisten. Und das Land soll eigentlich die gleiche Summe obendrauf legen&#8220;, erl\u00e4utert der SPD-Finanzexperte. &#8222;Doch stattdessen werden Gelder aus bestehenden Programmen angerechnet oder trickreich umgewidmet.&#8220;<\/p>\n<p>Laut Stefan Zimkeit wird das Ganze ein Nullsummenspiel sein und am Ende werden keinerlei zus\u00e4tzliche Landesmittel in den Schulen ankommen. &#8222;NRW m\u00f6chte im Unterschied zu anderen Bundesl\u00e4ndern noch nicht einmal die von den Kommunen aufzubringenden Eigenmittel \u00fcbernehmen, was f\u00fcr Oberhausen eine gro\u00dfe Belastung ist.&#8220;<!--more--><\/p>\n<p>Die SPD-Fraktion hat jetzt einen Eilantrag in den Landtag eingebracht, um die Landesregierung zum Umdenken zu bewegen. &#8222;Bildung ist L\u00e4ndersache \u2013 auch wenn die SPD-gef\u00fchrte Bundesregierung mit dem milliardenschweren Startchancen-Programm einen gro\u00dfen erg\u00e4nzenden Schritt gegangen ist.&#8220;<\/p>\n<p>In Oberhausen profitieren in der ersten Runde die Gesamtschule Osterfeld, die Anne-Frank-Realschule sowie die Adolf-Feld-, Astrid-Lindgren-, Br\u00fcder-Grimm-, Concordia-, Erich K\u00e4stner- und die Falkensteinschule von den Bundesmitteln.<\/p>\n<p>&#8222;Damit noch mehr Sch\u00fclerinnen und Sch\u00fcler aus sozial benachteiligten Stadtteilen erreicht werden, muss NRW jetzt seinen finanziellen Pflichten nachkommen&#8220;, fordert der Abgeordnete Zimkeit.<\/p>\n","protected":false},"excerpt":{"rendered":"<p>&#8222;NRW muss eigene finanzielle Mittel f\u00fcr das Startchancen-Programm bereitstellen&#8220;, fordert Stefan Zimkeit. &#8222;Der Bund \u00fcberweist 2,3 Milliarden Euro an NRW, um einen Beitrag f\u00fcr faire Bildungschancen f\u00fcr Kinder und Jugendliche&hellip; <\/p>\n","protected":false},"author":1,"featured_media":0,"comment_status":"closed","ping_status":"closed","sticky":false,"template":"","format":"standard","meta":{"footnotes":""},"categories":[231,216,2],"tags":[4150,4149,4151,2940,4152,543,229,4153,4154,4155,558,4041],"quellen":[331],"class_list":["post-11554","post","type-post","status-publish","format-standard","hentry","category-bildung","category-land","category-schule","tag-adolf-feld-schule","tag-anne-frank-realschule","tag-astrid-lindgren-schule","tag-bildungschancen","tag-brueder-grimm-schule","tag-bundesfoerderung","tag-bundesmittel","tag-concordia-schule","tag-erich-kaestner-schule","tag-falkensteinschule","tag-gesamtschule-osterfeld","tag-startchancen-programm","quellen-mdl-stefan-zimkeit"],"_links":{"self":[{"href":"https:\/\/meier-gerdingh.de\/wp-spd-ob\/wp-json\/wp\/v2\/posts\/11554","targetHints":{"allow":["GET"]}}],"collection":[{"href":"https:\/\/meier-gerdingh.de\/wp-spd-ob\/wp-json\/wp\/v2\/posts"}],"about":[{"href":"https:\/\/meier-gerdingh.de\/wp-spd-ob\/wp-json\/wp\/v2\/types\/post"}],"author":[{"embeddable":true,"href":"https:\/\/meier-gerdingh.de\/wp-spd-ob\/wp-json\/wp\/v2\/users\/1"}],"replies":[{"embeddable":true,"href":"https:\/\/meier-gerdingh.de\/wp-spd-ob\/wp-json\/wp\/v2\/comments?post=11554"}],"version-history":[{"count":0,"href":"https:\/\/meier-gerdingh.de\/wp-spd-ob\/wp-json\/wp\/v2\/posts\/11554\/revisions"}],"wp:attachment":[{"href":"https:\/\/meier-gerdingh.de\/wp-spd-ob\/wp-json\/wp\/v2\/media?parent=11554"}],"wp:term":[{"taxonomy":"category","embeddable":true,"href":"https:\/\/meier-gerdingh.de\/wp-spd-ob\/wp-json\/wp\/v2\/categories?post=11554"},{"taxonomy":"post_tag","embeddable":true,"href":"https:\/\/meier-gerdingh.de\/wp-spd-ob\/wp-json\/wp\/v2\/tags?post=11554"},{"taxonomy":"quellen","embeddable":true,"href":"https:\/\/meier-gerdingh.de\/wp-spd-ob\/wp-json\/wp\/v2\/quellen?post=11554"}],"curies":[{"name":"wp","href":"https:\/\/api.w.org\/{rel}","templated":true}]}}