{"id":11558,"date":"2024-07-09T13:40:57","date_gmt":"2024-07-09T11:40:57","guid":{"rendered":"https:\/\/meier-gerdingh.de\/wp-spd-ob\/?p=11558"},"modified":"2024-07-10T13:43:03","modified_gmt":"2024-07-10T11:43:03","slug":"gesplittete-hebesaetze-fuer-wohn-und-geschaeftsgrundstuecke","status":"publish","type":"post","link":"https:\/\/meier-gerdingh.de\/wp-spd-ob\/2024\/07\/09\/gesplittete-hebesaetze-fuer-wohn-und-geschaeftsgrundstuecke\/","title":{"rendered":"Gesplittete Hebes\u00e4tze f\u00fcr Wohn- und Gesch\u00e4ftsgrundst\u00fccke"},"content":{"rendered":"<div id=\"attachment_9529\" style=\"width: 170px\" class=\"wp-caption alignleft\"><a href=\"https:\/\/meier-gerdingh.de\/wp-spd-ob\/wp-content\/uploads\/2022\/10\/zimkeit-stefan-22-lg.jpg\"><img aria-describedby=\"caption-attachment-9529\" decoding=\"async\" class=\"size-full wp-image-9529\" src=\"https:\/\/meier-gerdingh.de\/wp-spd-ob\/wp-content\/uploads\/2022\/10\/zimkeit-stefan-22.jpg\" alt=\"\" width=\"160\" height=\"200\" \/><\/a><p id=\"caption-attachment-9529\" class=\"wp-caption-text\">Stefan Zimkeit ist Landtagsabgeordneter f\u00fcr Oberhausen-Sterkrade und Dinslaken<\/p><\/div>\n<p>Stefan Zimkeit hat im Landtag den &#8222;Versuch der Korrektur&#8220; bei der Grundsteuer abgelehnt. &#8222;Die Einf\u00fchrung unterschiedlicher Hebes\u00e4tze f\u00fcr Wohngrundst\u00fccke und gewerbliche Grundst\u00fccke ist zwar notwendig. Denn hier gibt es eine Schieflage zulasten des Wohnens. Der Wunsch der schwarz-gr\u00fcnen Landesregierung, dass jede einzelne Stadt dies einzeln mit eigens berechneten S\u00e4tzen umsetzen soll, ist falsch&#8220;, betont der SPD-Finanzexperte. &#8222;Die St\u00e4dte lehnen das ab und haben sich stattdessen f\u00fcr eine Anpassung der landesweiten Steuermesszahlen ausgesprochen&#8220;, so Zimkeit.<\/p>\n<p>Dass Schwarz-Gr\u00fcn die gew\u00fcnschte NRW-weite Messzahlenanpassung ablehnt, liegt laut Zimkeit an dem f\u00fcr das Land gro\u00dfen Aufwand, die dann notwendigen Bescheide neu verschicken zu m\u00fcssen.<!--more--><\/p>\n<p>&#8222;Stattdessen l\u00e4dt die Landesregierung das Problem nun vor den Rath\u00e4usern ab. Dort muss das jetzt mit gro\u00dfem Aufwand in jeder Stadt einzeln geregelt werden, was bis zum Jahresende kaum zu schaffen ist.&#8220;<\/p>\n<p>Stefan Zimkeit sieht deshalb auch auf Oberhausen und Dinslaken gro\u00dfe Nachteile zukommen. &#8222;Denn neben den technischen und personellen Anforderungen w\u00e4lzt das Land nun auch die rechtlichen Risiken auf die Kommunen.&#8220;<\/p>\n","protected":false},"excerpt":{"rendered":"<p>Stefan Zimkeit hat im Landtag den &#8222;Versuch der Korrektur&#8220; bei der Grundsteuer abgelehnt. &#8222;Die Einf\u00fchrung unterschiedlicher Hebes\u00e4tze f\u00fcr Wohngrundst\u00fccke und gewerbliche Grundst\u00fccke ist zwar notwendig. Denn hier gibt es eine&hellip; <\/p>\n","protected":false},"author":1,"featured_media":0,"comment_status":"closed","ping_status":"closed","sticky":false,"template":"","format":"standard","meta":{"footnotes":""},"categories":[98,216],"tags":[814,3994,3993,3236,4160,14,1383,1021],"quellen":[331],"class_list":["post-11558","post","type-post","status-publish","format-standard","hentry","category-finanzen","category-land","tag-grundsteuer","tag-grundsteuer-neuberechnung","tag-grundsteuermesszahl","tag-grundsteuerreform","tag-hebesatz-splitting","tag-kommunalfinanzen","tag-kommunen","tag-steuern","quellen-mdl-stefan-zimkeit"],"_links":{"self":[{"href":"https:\/\/meier-gerdingh.de\/wp-spd-ob\/wp-json\/wp\/v2\/posts\/11558","targetHints":{"allow":["GET"]}}],"collection":[{"href":"https:\/\/meier-gerdingh.de\/wp-spd-ob\/wp-json\/wp\/v2\/posts"}],"about":[{"href":"https:\/\/meier-gerdingh.de\/wp-spd-ob\/wp-json\/wp\/v2\/types\/post"}],"author":[{"embeddable":true,"href":"https:\/\/meier-gerdingh.de\/wp-spd-ob\/wp-json\/wp\/v2\/users\/1"}],"replies":[{"embeddable":true,"href":"https:\/\/meier-gerdingh.de\/wp-spd-ob\/wp-json\/wp\/v2\/comments?post=11558"}],"version-history":[{"count":0,"href":"https:\/\/meier-gerdingh.de\/wp-spd-ob\/wp-json\/wp\/v2\/posts\/11558\/revisions"}],"wp:attachment":[{"href":"https:\/\/meier-gerdingh.de\/wp-spd-ob\/wp-json\/wp\/v2\/media?parent=11558"}],"wp:term":[{"taxonomy":"category","embeddable":true,"href":"https:\/\/meier-gerdingh.de\/wp-spd-ob\/wp-json\/wp\/v2\/categories?post=11558"},{"taxonomy":"post_tag","embeddable":true,"href":"https:\/\/meier-gerdingh.de\/wp-spd-ob\/wp-json\/wp\/v2\/tags?post=11558"},{"taxonomy":"quellen","embeddable":true,"href":"https:\/\/meier-gerdingh.de\/wp-spd-ob\/wp-json\/wp\/v2\/quellen?post=11558"}],"curies":[{"name":"wp","href":"https:\/\/api.w.org\/{rel}","templated":true}]}}