{"id":11569,"date":"2024-08-16T10:32:30","date_gmt":"2024-08-16T08:32:30","guid":{"rendered":"https:\/\/meier-gerdingh.de\/wp-spd-ob\/?p=11569"},"modified":"2024-08-17T10:37:39","modified_gmt":"2024-08-17T08:37:39","slug":"spd-zieht-positive-bilanz","status":"publish","type":"post","link":"https:\/\/meier-gerdingh.de\/wp-spd-ob\/2024\/08\/16\/spd-zieht-positive-bilanz\/","title":{"rendered":"SPD zieht positive Bilanz"},"content":{"rendered":"<p><a href=\"https:\/\/meier-gerdingh.de\/wp-spd-ob\/wp-content\/uploads\/2024\/07\/banner-spd-sommerschule-2024-small.jpg\"><img decoding=\"async\" class=\"aligncenter size-full wp-image-11542\" src=\"https:\/\/meier-gerdingh.de\/wp-spd-ob\/wp-content\/uploads\/2024\/07\/banner-spd-sommerschule-2024-small.jpg\" alt=\"\" width=\"700\" height=\"250\" srcset=\"https:\/\/meier-gerdingh.de\/wp-spd-ob\/wp-content\/uploads\/2024\/07\/banner-spd-sommerschule-2024-small.jpg 700w, https:\/\/meier-gerdingh.de\/wp-spd-ob\/wp-content\/uploads\/2024\/07\/banner-spd-sommerschule-2024-small-300x107.jpg 300w\" sizes=\"(max-width: 700px) 100vw, 700px\" \/><\/a><\/p>\n<div id=\"attachment_11567\" style=\"width: 250px\" class=\"wp-caption alignleft\"><a href=\"https:\/\/meier-gerdingh.de\/wp-spd-ob\/wp-content\/uploads\/2024\/08\/spd-sommerschule-24-abschluss-lg.jpg\"><img aria-describedby=\"caption-attachment-11567\" decoding=\"async\" class=\"size-full wp-image-11567\" src=\"https:\/\/meier-gerdingh.de\/wp-spd-ob\/wp-content\/uploads\/2024\/08\/spd-sommerschule-24-abschluss.jpg\" alt=\"\" width=\"240\" height=\"320\" srcset=\"https:\/\/meier-gerdingh.de\/wp-spd-ob\/wp-content\/uploads\/2024\/08\/spd-sommerschule-24-abschluss.jpg 240w, https:\/\/meier-gerdingh.de\/wp-spd-ob\/wp-content\/uploads\/2024\/08\/spd-sommerschule-24-abschluss-225x300.jpg 225w\" sizes=\"(max-width: 240px) 100vw, 240px\" \/><\/a><p id=\"caption-attachment-11567\" class=\"wp-caption-text\">Grillfest zum Abschluss der diesj\u00e4hrigen Sommerschule im Generationengarten der AWO am Kaisergarten<\/p><\/div>\n<p>Traditionell ist in dieser Woche die Sommerschule der SPD-Ratsfraktion mit einem kleinen Grillfest beendet worden. Zuvor hatten die Teilnehmerinnen und Teilnehmer Zeit, sich im Generationengarten am Kaisergarten mit AWO-Gesch\u00e4ftsf\u00fchrer Gerrit Plein \u00fcber die Arbeit des Sozialverbandes auszutauschen. Es war der sechste Termin, den die Ratsfraktion in dieser Ferienzeit angeboten hatte.<\/p>\n<p>Vom Berufsf\u00f6rderungswerk ging es \u00fcber das Ausbildungszentrum der Bauindustrie und das IT-Unternehmen HFS-Solutions von Gr\u00fcnder Mehriz Fezzani in die Innenstadt zum Supermarkt der Ideen und der Artothek im Europahaus. Ein Besuch in der GMVA und schlie\u00dflich im von der AWO betreuten Generationengarten rundete das Angebot ab.<!--more--><\/p>\n<p>&#8222;Es freut uns, wenn wir Menschen ungewohnte Einblicke hinter Kulissen bieten k\u00f6nnen und gleichzeitig Personen kennenlernen, die sich einsetzen f\u00fcr unsere Stadt&#8220;, so die Fraktionsvorsitzende Sonja Bongers. Und schlie\u00dflich lernen nicht nur die Teilnehmer etwas, sondern. auch die Organisatoren.<\/p>\n<p>&#8222;Es ist wichtig, mit Menschen wie dem Oberhausener Gr\u00fcnder Mehriz Fezzani zusammenzukommen und aus erster Hand zu erfahren, was aus deren Sicht gut l\u00e4uft und was eben auch nicht. Das sind wichtige Erfahrungen, die wir bei den Terminen der Sommerschule machen und die wir mitnehmen in unsere politische Arbeit&#8220;, so die Fraktionschefin.<\/p>\n","protected":false},"excerpt":{"rendered":"<p>Traditionell ist in dieser Woche die Sommerschule der SPD-Ratsfraktion mit einem kleinen Grillfest beendet worden. Zuvor hatten die Teilnehmerinnen und Teilnehmer Zeit, sich im Generationengarten am Kaisergarten mit AWO-Gesch\u00e4ftsf\u00fchrer Gerrit&hellip; <\/p>\n","protected":false},"author":1,"featured_media":0,"comment_status":"closed","ping_status":"closed","sticky":false,"template":"","format":"standard","meta":{"footnotes":""},"categories":[173,171],"tags":[848,4166,819,4165],"quellen":[326],"class_list":["post-11569","post","type-post","status-publish","format-standard","hentry","category-parteileben","category-veranstaltungen","tag-awo-oberhausen","tag-generationengarten","tag-spd-sommerschule","tag-spd-sommerschule-2024","quellen-spd-fraktion-oberhausen"],"_links":{"self":[{"href":"https:\/\/meier-gerdingh.de\/wp-spd-ob\/wp-json\/wp\/v2\/posts\/11569","targetHints":{"allow":["GET"]}}],"collection":[{"href":"https:\/\/meier-gerdingh.de\/wp-spd-ob\/wp-json\/wp\/v2\/posts"}],"about":[{"href":"https:\/\/meier-gerdingh.de\/wp-spd-ob\/wp-json\/wp\/v2\/types\/post"}],"author":[{"embeddable":true,"href":"https:\/\/meier-gerdingh.de\/wp-spd-ob\/wp-json\/wp\/v2\/users\/1"}],"replies":[{"embeddable":true,"href":"https:\/\/meier-gerdingh.de\/wp-spd-ob\/wp-json\/wp\/v2\/comments?post=11569"}],"version-history":[{"count":0,"href":"https:\/\/meier-gerdingh.de\/wp-spd-ob\/wp-json\/wp\/v2\/posts\/11569\/revisions"}],"wp:attachment":[{"href":"https:\/\/meier-gerdingh.de\/wp-spd-ob\/wp-json\/wp\/v2\/media?parent=11569"}],"wp:term":[{"taxonomy":"category","embeddable":true,"href":"https:\/\/meier-gerdingh.de\/wp-spd-ob\/wp-json\/wp\/v2\/categories?post=11569"},{"taxonomy":"post_tag","embeddable":true,"href":"https:\/\/meier-gerdingh.de\/wp-spd-ob\/wp-json\/wp\/v2\/tags?post=11569"},{"taxonomy":"quellen","embeddable":true,"href":"https:\/\/meier-gerdingh.de\/wp-spd-ob\/wp-json\/wp\/v2\/quellen?post=11569"}],"curies":[{"name":"wp","href":"https:\/\/api.w.org\/{rel}","templated":true}]}}