{"id":11580,"date":"2024-08-23T14:05:22","date_gmt":"2024-08-23T12:05:22","guid":{"rendered":"https:\/\/meier-gerdingh.de\/wp-spd-ob\/?p=11580"},"modified":"2024-08-26T14:10:55","modified_gmt":"2024-08-26T12:10:55","slug":"einladung-zum-stadtteilgespraech-2","status":"publish","type":"post","link":"https:\/\/meier-gerdingh.de\/wp-spd-ob\/2024\/08\/23\/einladung-zum-stadtteilgespraech-2\/","title":{"rendered":"Einladung zum Stadtteilgespr\u00e4ch"},"content":{"rendered":"<div id=\"attachment_9442\" style=\"width: 170px\" class=\"wp-caption alignleft\"><a href=\"https:\/\/meier-gerdingh.de\/wp-spd-ob\/wp-content\/uploads\/2022\/10\/schroeer-joerg-portrait-lg.jpg\"><img aria-describedby=\"caption-attachment-9442\" decoding=\"async\" class=\"size-full wp-image-9442\" src=\"https:\/\/meier-gerdingh.de\/wp-spd-ob\/wp-content\/uploads\/2022\/10\/schroeer-joerg-portrait.jpg\" alt=\"\" width=\"160\" height=\"200\" \/><\/a><p id=\"caption-attachment-9442\" class=\"wp-caption-text\">J\u00f6rg Schr\u00f6er ist Vorsitzender des SPD-Ortsvereins Sterkrade-S\u00fcd<\/p><\/div>\n<p>Das n\u00e4chste Stadtteilgespr\u00e4ch des SPD-Ortsvereins Sterkrade-S\u00fcd findet am <strong>Dienstag, 27. August, ab 19 Uhr<\/strong>, in der <strong>Gastst\u00e4tte Klumpen Moritz, Bahnhofstra\u00dfe 30<\/strong>, statt. Vorsitzender J\u00f6rg Schr\u00f6er l\u00e4dt alle Sterkraderinnen und Sterkrader zu einem zwanglosen Austausch mit ihm und anderen Ortsvereinsmitgliedern \u00fcber brisante politische Themen ein.<!--more--><\/p>\n<p>Der Ortsverein versteht sich als Ansprechpartner und K\u00fcmmerer f\u00fcr alle B\u00fcrger seines Stadtteils. So will er auch an diesem Abend wieder in geselliger Runde herausfinden, wor\u00fcber sich die B\u00fcrger Sorgen machen, wo wichtige Informationen fehlen oder welche W\u00fcnsche und Ideen es gibt.<\/p>\n","protected":false},"excerpt":{"rendered":"<p>Das n\u00e4chste Stadtteilgespr\u00e4ch des SPD-Ortsvereins Sterkrade-S\u00fcd findet am Dienstag, 27. August, ab 19 Uhr, in der Gastst\u00e4tte Klumpen Moritz, Bahnhofstra\u00dfe 30, statt. Vorsitzender J\u00f6rg Schr\u00f6er l\u00e4dt alle Sterkraderinnen und Sterkrader&hellip; <\/p>\n","protected":false},"author":1,"featured_media":0,"comment_status":"closed","ping_status":"closed","sticky":false,"template":"","format":"standard","meta":{"footnotes":""},"categories":[167,171],"tags":[3473,1654,3499,46],"quellen":[338],"class_list":["post-11580","post","type-post","status-publish","format-standard","hentry","category-stadtteile","category-veranstaltungen","tag-buergergespraeche","tag-stadtteilgespraech","tag-stadtteilgespraech-sterkrade","tag-sterkrade","quellen-ov-sterkrade-sued"],"_links":{"self":[{"href":"https:\/\/meier-gerdingh.de\/wp-spd-ob\/wp-json\/wp\/v2\/posts\/11580","targetHints":{"allow":["GET"]}}],"collection":[{"href":"https:\/\/meier-gerdingh.de\/wp-spd-ob\/wp-json\/wp\/v2\/posts"}],"about":[{"href":"https:\/\/meier-gerdingh.de\/wp-spd-ob\/wp-json\/wp\/v2\/types\/post"}],"author":[{"embeddable":true,"href":"https:\/\/meier-gerdingh.de\/wp-spd-ob\/wp-json\/wp\/v2\/users\/1"}],"replies":[{"embeddable":true,"href":"https:\/\/meier-gerdingh.de\/wp-spd-ob\/wp-json\/wp\/v2\/comments?post=11580"}],"version-history":[{"count":0,"href":"https:\/\/meier-gerdingh.de\/wp-spd-ob\/wp-json\/wp\/v2\/posts\/11580\/revisions"}],"wp:attachment":[{"href":"https:\/\/meier-gerdingh.de\/wp-spd-ob\/wp-json\/wp\/v2\/media?parent=11580"}],"wp:term":[{"taxonomy":"category","embeddable":true,"href":"https:\/\/meier-gerdingh.de\/wp-spd-ob\/wp-json\/wp\/v2\/categories?post=11580"},{"taxonomy":"post_tag","embeddable":true,"href":"https:\/\/meier-gerdingh.de\/wp-spd-ob\/wp-json\/wp\/v2\/tags?post=11580"},{"taxonomy":"quellen","embeddable":true,"href":"https:\/\/meier-gerdingh.de\/wp-spd-ob\/wp-json\/wp\/v2\/quellen?post=11580"}],"curies":[{"name":"wp","href":"https:\/\/api.w.org\/{rel}","templated":true}]}}