{"id":11587,"date":"2024-08-29T23:15:01","date_gmt":"2024-08-29T21:15:01","guid":{"rendered":"https:\/\/meier-gerdingh.de\/wp-spd-ob\/?p=11587"},"modified":"2024-08-29T23:15:01","modified_gmt":"2024-08-29T21:15:01","slug":"spd-zu-gast-bei-der-alevitischen-kulturgemeinde","status":"publish","type":"post","link":"https:\/\/meier-gerdingh.de\/wp-spd-ob\/2024\/08\/29\/spd-zu-gast-bei-der-alevitischen-kulturgemeinde\/","title":{"rendered":"SPD zu Gast bei der Alevitischen Kulturgemeinde"},"content":{"rendered":"<div id=\"attachment_11585\" style=\"width: 710px\" class=\"wp-caption aligncenter\"><a href=\"https:\/\/meier-gerdingh.de\/wp-spd-ob\/wp-content\/uploads\/2024\/08\/ov-west-24-08-28-alevitische-gemeinde-lg.jpg\"><img aria-describedby=\"caption-attachment-11585\" decoding=\"async\" class=\"size-full wp-image-11585\" src=\"https:\/\/meier-gerdingh.de\/wp-spd-ob\/wp-content\/uploads\/2024\/08\/ov-west-24-08-28-alevitische-gemeinde.jpg\" alt=\"\" width=\"700\" height=\"315\" srcset=\"https:\/\/meier-gerdingh.de\/wp-spd-ob\/wp-content\/uploads\/2024\/08\/ov-west-24-08-28-alevitische-gemeinde.jpg 700w, https:\/\/meier-gerdingh.de\/wp-spd-ob\/wp-content\/uploads\/2024\/08\/ov-west-24-08-28-alevitische-gemeinde-300x135.jpg 300w\" sizes=\"(max-width: 700px) 100vw, 700px\" \/><\/a><p id=\"caption-attachment-11585\" class=\"wp-caption-text\">Der SPD-Ortsverein Oberhausen-West zu Besuch bei der Alevitischen Kulturgemeinde Alt-Oberhausen<\/p><\/div>\n<p>&#8222;Zu Gast bei Freunden&#8220; \u2013 unter diesem Motto besuchte der SPD-Ortsverein Oberhausen-West, zust\u00e4ndig f\u00fcr die Stadtteile Alstaden und Lirich, Ende August die Alevitische Kulturgemeinde Alt-Oberhausen. Besonders gastfreundlich zeigte sich der neu gew\u00e4hlte Gemeindevorstand um die Vorsitzende Nuran Elmas gegen\u00fcber den Genossinnen und Genossen. Bei einem kleinen Imbiss wurden ausgiebig sowohl \u00fcber die gro\u00dfe Politik, als auch \u00fcber die vermeintlich kleinen Anliegen im Stadtteil diskutiert.<!--more--><\/p>\n<p>Dazu f\u00fchrte Gemeindemitglied und SPD-Stadtverordneter B\u00fclent \u015eahin die Sozialdemokraten durch die frisch renovierten R\u00e4umlichkeiten der Kulturgemeinde an der Rombachstra\u00dfe.<\/p>\n","protected":false},"excerpt":{"rendered":"<p>&#8222;Zu Gast bei Freunden&#8220; \u2013 unter diesem Motto besuchte der SPD-Ortsverein Oberhausen-West, zust\u00e4ndig f\u00fcr die Stadtteile Alstaden und Lirich, Ende August die Alevitische Kulturgemeinde Alt-Oberhausen. Besonders gastfreundlich zeigte sich der&hellip; <\/p>\n","protected":false},"author":1,"featured_media":0,"comment_status":"closed","ping_status":"closed","sticky":false,"template":"","format":"standard","meta":{"footnotes":""},"categories":[61,167],"tags":[4175,4173,4174,183],"quellen":[335],"class_list":["post-11587","post","type-post","status-publish","format-standard","hentry","category-integration","category-stadtteile","tag-aleviten","tag-alevitische-gemeinde","tag-alevitische-kulturgemeinde-alt-oberhausen","tag-lirich","quellen-ov-west"],"_links":{"self":[{"href":"https:\/\/meier-gerdingh.de\/wp-spd-ob\/wp-json\/wp\/v2\/posts\/11587","targetHints":{"allow":["GET"]}}],"collection":[{"href":"https:\/\/meier-gerdingh.de\/wp-spd-ob\/wp-json\/wp\/v2\/posts"}],"about":[{"href":"https:\/\/meier-gerdingh.de\/wp-spd-ob\/wp-json\/wp\/v2\/types\/post"}],"author":[{"embeddable":true,"href":"https:\/\/meier-gerdingh.de\/wp-spd-ob\/wp-json\/wp\/v2\/users\/1"}],"replies":[{"embeddable":true,"href":"https:\/\/meier-gerdingh.de\/wp-spd-ob\/wp-json\/wp\/v2\/comments?post=11587"}],"version-history":[{"count":0,"href":"https:\/\/meier-gerdingh.de\/wp-spd-ob\/wp-json\/wp\/v2\/posts\/11587\/revisions"}],"wp:attachment":[{"href":"https:\/\/meier-gerdingh.de\/wp-spd-ob\/wp-json\/wp\/v2\/media?parent=11587"}],"wp:term":[{"taxonomy":"category","embeddable":true,"href":"https:\/\/meier-gerdingh.de\/wp-spd-ob\/wp-json\/wp\/v2\/categories?post=11587"},{"taxonomy":"post_tag","embeddable":true,"href":"https:\/\/meier-gerdingh.de\/wp-spd-ob\/wp-json\/wp\/v2\/tags?post=11587"},{"taxonomy":"quellen","embeddable":true,"href":"https:\/\/meier-gerdingh.de\/wp-spd-ob\/wp-json\/wp\/v2\/quellen?post=11587"}],"curies":[{"name":"wp","href":"https:\/\/api.w.org\/{rel}","templated":true}]}}