{"id":11599,"date":"2024-09-13T16:28:46","date_gmt":"2024-09-13T14:28:46","guid":{"rendered":"https:\/\/meier-gerdingh.de\/wp-spd-ob\/?p=11599"},"modified":"2024-09-13T16:30:32","modified_gmt":"2024-09-13T14:30:32","slug":"unterrichtsausfall-bedroht-entwicklung-bei-kindern-und-jugendlichen","status":"publish","type":"post","link":"https:\/\/meier-gerdingh.de\/wp-spd-ob\/2024\/09\/13\/unterrichtsausfall-bedroht-entwicklung-bei-kindern-und-jugendlichen\/","title":{"rendered":"Unterrichtsausfall bedroht Entwicklung bei Kindern und Jugendlichen"},"content":{"rendered":"<p><a href=\"https:\/\/meier-gerdingh.de\/wp-spd-ob\/wp-content\/uploads\/2023\/03\/banner-diese-woche-im-landtag-01.jpg\"><img decoding=\"async\" class=\"aligncenter size-full wp-image-10267\" src=\"https:\/\/meier-gerdingh.de\/wp-spd-ob\/wp-content\/uploads\/2023\/03\/banner-diese-woche-im-landtag-01.jpg\" alt=\"\" width=\"700\" height=\"258\" srcset=\"https:\/\/meier-gerdingh.de\/wp-spd-ob\/wp-content\/uploads\/2023\/03\/banner-diese-woche-im-landtag-01.jpg 700w, https:\/\/meier-gerdingh.de\/wp-spd-ob\/wp-content\/uploads\/2023\/03\/banner-diese-woche-im-landtag-01-300x111.jpg 300w\" sizes=\"(max-width: 700px) 100vw, 700px\" \/><\/a>Ein Schuljahr, in dem jeder Fachunterricht im Umfang der vorgesehenen Unterrichtsstunden der Stundentafel stattgefunden hat? In Nordrhein-Westfalen ist das mittlerweile zu einem Wunschtraum geworden. &#8222;Leider m\u00fcssen wir feststellen, dass weitreichende Unterrichtsausf\u00e4lle, die Streichung einzelner F\u00e4cher f\u00fcr ein Halbjahr und die Erteilung des Unterrichts durch fachfremdes Lehrpersonal zur bitteren Realit\u00e4t an den Schulen geworden sind&#8220;, sagt die SPD-Landtagsabgeordnete Sonja Bongers hinsichtlich der k\u00fcnftigen Schulentwicklung.<!--more--><\/p>\n<h3 class=\"spd-ob-crossheading\">St\u00e4ndige K\u00fcrzungen<\/h3>\n<p>So fand laut Informationen des Ministeriums f\u00fcr Schule und Bildung allein im ersten Halbjahr 2023\/2024 nur jede f\u00fcnfte Unterrichtsstunde wie geplant statt. &#8222;Der tats\u00e4chliche Unterrichtsausfall liegt noch deutlich h\u00f6her. Denn Unterrichtsstunden oder F\u00e4cher, die im Rahmen der Stundenplanerstellung bereits vor Beginn eines Schuljahrs zusammengek\u00fcrzt oder gar ganz gestrichen werden mussten, sind hierbei nicht eingerechnet&#8220;, so Bongers.<\/p>\n<h3 class=\"spd-ob-crossheading\">Herausforderung f\u00fcr Familien<\/h3>\n<p>Wie verheerend die Lage in Nordrhein-Westfalen sei, zeige eine repr\u00e4sentative Elternbefragung zum Unterrichtsausfall. Mehr als jedes zweites befragte Elternteil berichte von regelm\u00e4\u00dfigen Ausf\u00e4llen. Fast jedes vierte Elternteil habe sogar angegeben, dass an der Schule ihrer Kinder mehrmals pro Woche der Unterricht ausfalle. Dabei seien vor allem die Hauptf\u00e4cher betroffen, f\u00fchrt Bongers aus.<\/p>\n<p>&#8222;Hierdurch werden gerade berufst\u00e4tige Eltern regelm\u00e4\u00dfig vor die Herausforderung gestellt, wie sie die Betreuung ihrer Kinder und ihren Arbeitsalltag unter einen Hut bekommen sollen. Das f\u00fchrt f\u00fcr viele Familien zu Stress und belastet das Familienleben. Daher ist es auch nicht verwunderlich, dass die befragten Eltern negative Folgen aufgrund des Unterrichtsausfalls beobachten. Etwa 60 Prozent der befragten Eltern waren der Meinung, dass die Landesregierung nicht genug gegen Unterrichtsausfall unternimmt&#8220;, erkl\u00e4rt Bongers.<\/p>\n<p>Um diesen Verwerfungen zu begegnen, m\u00fcsse, so Bongers, unter anderem die Attraktivit\u00e4t des Lehrkr\u00e4fteberufs gesteigert werden. Bessere Besoldung und Aufstiegschancen und der Abbau von b\u00fcrokratischen H\u00fcrden wie dem NC auf bestimmte Lehramtsf\u00e4cher w\u00e4ren erste Ma\u00dfnahmen.<\/p>\n","protected":false},"excerpt":{"rendered":"<p>Ein Schuljahr, in dem jeder Fachunterricht im Umfang der vorgesehenen Unterrichtsstunden der Stundentafel stattgefunden hat? In Nordrhein-Westfalen ist das mittlerweile zu einem Wunschtraum geworden. &#8222;Leider m\u00fcssen wir feststellen, dass weitreichende&hellip; <\/p>\n","protected":false},"author":1,"featured_media":0,"comment_status":"closed","ping_status":"closed","sticky":false,"template":"","format":"standard","meta":{"footnotes":""},"categories":[4120,216,2],"tags":[2990,2988],"quellen":[1317],"class_list":["post-11599","post","type-post","status-publish","format-standard","hentry","category-die-woche-im-landtag","category-land","category-schule","tag-lehrkraeftemangel","tag-unterrichtsausfall","quellen-mdl-sonja-bongers"],"_links":{"self":[{"href":"https:\/\/meier-gerdingh.de\/wp-spd-ob\/wp-json\/wp\/v2\/posts\/11599","targetHints":{"allow":["GET"]}}],"collection":[{"href":"https:\/\/meier-gerdingh.de\/wp-spd-ob\/wp-json\/wp\/v2\/posts"}],"about":[{"href":"https:\/\/meier-gerdingh.de\/wp-spd-ob\/wp-json\/wp\/v2\/types\/post"}],"author":[{"embeddable":true,"href":"https:\/\/meier-gerdingh.de\/wp-spd-ob\/wp-json\/wp\/v2\/users\/1"}],"replies":[{"embeddable":true,"href":"https:\/\/meier-gerdingh.de\/wp-spd-ob\/wp-json\/wp\/v2\/comments?post=11599"}],"version-history":[{"count":0,"href":"https:\/\/meier-gerdingh.de\/wp-spd-ob\/wp-json\/wp\/v2\/posts\/11599\/revisions"}],"wp:attachment":[{"href":"https:\/\/meier-gerdingh.de\/wp-spd-ob\/wp-json\/wp\/v2\/media?parent=11599"}],"wp:term":[{"taxonomy":"category","embeddable":true,"href":"https:\/\/meier-gerdingh.de\/wp-spd-ob\/wp-json\/wp\/v2\/categories?post=11599"},{"taxonomy":"post_tag","embeddable":true,"href":"https:\/\/meier-gerdingh.de\/wp-spd-ob\/wp-json\/wp\/v2\/tags?post=11599"},{"taxonomy":"quellen","embeddable":true,"href":"https:\/\/meier-gerdingh.de\/wp-spd-ob\/wp-json\/wp\/v2\/quellen?post=11599"}],"curies":[{"name":"wp","href":"https:\/\/api.w.org\/{rel}","templated":true}]}}