{"id":11600,"date":"2024-09-13T16:30:12","date_gmt":"2024-09-13T14:30:12","guid":{"rendered":"https:\/\/meier-gerdingh.de\/wp-spd-ob\/?p=11600"},"modified":"2024-09-13T16:36:38","modified_gmt":"2024-09-13T14:36:38","slug":"cyberkriminalitaet-bedroht-uns-alle","status":"publish","type":"post","link":"https:\/\/meier-gerdingh.de\/wp-spd-ob\/2024\/09\/13\/cyberkriminalitaet-bedroht-uns-alle\/","title":{"rendered":"Cyberkriminalit\u00e4t bedroht uns alle"},"content":{"rendered":"<p><a href=\"https:\/\/meier-gerdingh.de\/wp-spd-ob\/wp-content\/uploads\/2023\/03\/banner-diese-woche-im-landtag-01.jpg\"><img decoding=\"async\" class=\"aligncenter size-full wp-image-10267\" src=\"https:\/\/meier-gerdingh.de\/wp-spd-ob\/wp-content\/uploads\/2023\/03\/banner-diese-woche-im-landtag-01.jpg\" alt=\"\" width=\"700\" height=\"258\" srcset=\"https:\/\/meier-gerdingh.de\/wp-spd-ob\/wp-content\/uploads\/2023\/03\/banner-diese-woche-im-landtag-01.jpg 700w, https:\/\/meier-gerdingh.de\/wp-spd-ob\/wp-content\/uploads\/2023\/03\/banner-diese-woche-im-landtag-01-300x111.jpg 300w\" sizes=\"(max-width: 700px) 100vw, 700px\" \/><\/a>Die SPD-Landtagsabgeordnete Sonja Bongers hat sich daf\u00fcr ausgesprochen, mehr in die Bek\u00e4mpfung der Cyberkriminalit\u00e4t zu investieren. Schon der allt\u00e4gliche Blick in die sozialen Medien mache deutlich, dass es dort nicht immer freundlich zugehe. Neben pers\u00f6nlichem oder sachlichem Austausch seien auch immer mehr hasserf\u00fcllte oder hetzerische Bemerkungen zu beobachten. Das habe oft erhebliche psychische Folgen f\u00fcr die Opfer, sagte Bongers anl\u00e4sslich ihrer Plenarrede zum Thema im NRW-Landtag.<!--more--><\/p>\n<h3 class=\"spd-ob-crossheading\">Bedrohung f\u00fcr die Demokratie<\/h3>\n<p>Cyberkriminalit\u00e4t betreffe aber nicht nur die sozialen Medien, auch andere Straftaten w\u00fcrden \u00fcber das Internet begangen, so Bongers. &#8222;Bankenbetrug, illegale Gesch\u00e4fte \u00fcber das Darknet oder die gezielte Sch\u00e4digung durch Desinformation sind an der Tagesordnung. Wenn wir uns die Cyberkriminalit\u00e4t einmal ganz genau anschauen, stellen wir immer h\u00e4ufiger fest, dass Straftaten, die auf Computersysteme und Netzwerke selbst zielen, deutlich zunehmen. Dabei kann es sich um Cyberspionage handeln, aber durchaus auch um Cyberterrorismus. All dies hat ein gro\u00dfes Potenzial, die Sicherheit und sogar unsere Demokratie zu bedrohen&#8220;, warnt die SPD-Politikerin.<\/p>\n<h3 class=\"spd-ob-crossheading\">Mehr Personal<\/h3>\n<p>Bongers w\u00fcnscht sich hier mehr Engagement der Landesregierung. &#8222;Wir sind hier personell nicht gut aufgestellt. Cyberkriminalit\u00e4t ist eine Kriminalit\u00e4tsform, die es seit vielen Jahren gibt. Sie entwickelt sich rasant schnell; der Staat, und die Ermittler kommen doch teilweise gar nicht mehr hinterher. Insofern ist es besonders wichtig, in gute Ausbildung zu investieren, damit unsere ermittelnden Beh\u00f6rden sowohl fachlich als auch personell mithalten k\u00f6nnen. Machen wir uns nichts vor: Wir haben gute Ans\u00e4tze, aber wir sind lange noch nicht am Ziel&#8220;, so Bongers abschlie\u00dfend.<\/p>\n","protected":false},"excerpt":{"rendered":"<p>Die SPD-Landtagsabgeordnete Sonja Bongers hat sich daf\u00fcr ausgesprochen, mehr in die Bek\u00e4mpfung der Cyberkriminalit\u00e4t zu investieren. Schon der allt\u00e4gliche Blick in die sozialen Medien mache deutlich, dass es dort nicht&hellip; <\/p>\n","protected":false},"author":1,"featured_media":0,"comment_status":"closed","ping_status":"closed","sticky":false,"template":"","format":"standard","meta":{"footnotes":""},"categories":[4120,216,7],"tags":[4188,4184,4187,4186,4189,837,4185],"quellen":[1317],"class_list":["post-11600","post","type-post","status-publish","format-standard","hentry","category-die-woche-im-landtag","category-land","category-sicherheit","tag-bankbetrug","tag-cyberkriminalitaet","tag-cyberspionage","tag-cyberterrorismus","tag-identitaetsdiebstahl","tag-kriminalitaet","tag-soziale-medien","quellen-mdl-sonja-bongers"],"_links":{"self":[{"href":"https:\/\/meier-gerdingh.de\/wp-spd-ob\/wp-json\/wp\/v2\/posts\/11600","targetHints":{"allow":["GET"]}}],"collection":[{"href":"https:\/\/meier-gerdingh.de\/wp-spd-ob\/wp-json\/wp\/v2\/posts"}],"about":[{"href":"https:\/\/meier-gerdingh.de\/wp-spd-ob\/wp-json\/wp\/v2\/types\/post"}],"author":[{"embeddable":true,"href":"https:\/\/meier-gerdingh.de\/wp-spd-ob\/wp-json\/wp\/v2\/users\/1"}],"replies":[{"embeddable":true,"href":"https:\/\/meier-gerdingh.de\/wp-spd-ob\/wp-json\/wp\/v2\/comments?post=11600"}],"version-history":[{"count":0,"href":"https:\/\/meier-gerdingh.de\/wp-spd-ob\/wp-json\/wp\/v2\/posts\/11600\/revisions"}],"wp:attachment":[{"href":"https:\/\/meier-gerdingh.de\/wp-spd-ob\/wp-json\/wp\/v2\/media?parent=11600"}],"wp:term":[{"taxonomy":"category","embeddable":true,"href":"https:\/\/meier-gerdingh.de\/wp-spd-ob\/wp-json\/wp\/v2\/categories?post=11600"},{"taxonomy":"post_tag","embeddable":true,"href":"https:\/\/meier-gerdingh.de\/wp-spd-ob\/wp-json\/wp\/v2\/tags?post=11600"},{"taxonomy":"quellen","embeddable":true,"href":"https:\/\/meier-gerdingh.de\/wp-spd-ob\/wp-json\/wp\/v2\/quellen?post=11600"}],"curies":[{"name":"wp","href":"https:\/\/api.w.org\/{rel}","templated":true}]}}