{"id":11601,"date":"2024-09-13T16:33:31","date_gmt":"2024-09-13T14:33:31","guid":{"rendered":"https:\/\/meier-gerdingh.de\/wp-spd-ob\/?p=11601"},"modified":"2024-09-24T20:35:45","modified_gmt":"2024-09-24T18:35:45","slug":"unterstuetzung-von-berufstaetigen-familien-sicherstellen","status":"publish","type":"post","link":"https:\/\/meier-gerdingh.de\/wp-spd-ob\/2024\/09\/13\/unterstuetzung-von-berufstaetigen-familien-sicherstellen\/","title":{"rendered":"Unterst\u00fctzung von berufst\u00e4tigen Familien sicherstellen"},"content":{"rendered":"<p><a href=\"https:\/\/meier-gerdingh.de\/wp-spd-ob\/wp-content\/uploads\/2023\/03\/banner-diese-woche-im-landtag-01.jpg\"><img decoding=\"async\" class=\"aligncenter size-full wp-image-10267\" src=\"https:\/\/meier-gerdingh.de\/wp-spd-ob\/wp-content\/uploads\/2023\/03\/banner-diese-woche-im-landtag-01.jpg\" alt=\"\" width=\"700\" height=\"258\" srcset=\"https:\/\/meier-gerdingh.de\/wp-spd-ob\/wp-content\/uploads\/2023\/03\/banner-diese-woche-im-landtag-01.jpg 700w, https:\/\/meier-gerdingh.de\/wp-spd-ob\/wp-content\/uploads\/2023\/03\/banner-diese-woche-im-landtag-01-300x111.jpg 300w\" sizes=\"(max-width: 700px) 100vw, 700px\" \/><\/a><\/p>\n<div id=\"attachment_7690\" style=\"width: 170px\" class=\"wp-caption alignleft\"><a href=\"https:\/\/meier-gerdingh.de\/wp-spd-ob\/wp-content\/uploads\/2020\/11\/bongers-sonja-2020-lg.jpg\"><img aria-describedby=\"caption-attachment-7690\" decoding=\"async\" class=\"size-full wp-image-7690\" src=\"https:\/\/meier-gerdingh.de\/wp-spd-ob\/wp-content\/uploads\/2020\/11\/bongers-sonja-2020.jpg\" alt=\"\" width=\"160\" height=\"200\" \/><\/a><p id=\"caption-attachment-7690\" class=\"wp-caption-text\">Sonja Bongers ist Vorsitzende der SPD-Ratsfraktion und Mitglied des Landtags von Nordrhein-Westfalen<\/p><\/div>\n<p>&#8222;Bildung und Gerechtigkeit fangen fr\u00fch an. Schon bei den Kleinsten. Daf\u00fcr haben wir Sorge zu tragen. NRW braucht ausreichend Kita-Pl\u00e4tze f\u00fcr Kinder ab dem vollendeten ersten Lebensjahr. Die fr\u00fchkindliche Bildung in der Kita bildet die Grundlage der Bildungsbiografie. Daher m\u00fcssen wir jetzt hier die Voraussetzungen schaffen, mehr Personal und mehr Pl\u00e4tze. Das entlastet die Eltern, bedeutet mehr Produktivit\u00e4t und ist gut f\u00fcr die wirtschaftliche und gesellschaftliche Entwicklung&#8220;, sagt die SPD-Landtagsabgeordnete Sonja Bongers.<!--more--><\/p>\n<h3 class=\"spd-ob-crossheading\">Gegen Ungleichheiten<\/h3>\n<p>Je l\u00e4nger Kinder in der Kita verweilen, desto mehr k\u00f6nnen Ungleichheiten ausgeglichen werden. Wichtige Entwicklungsschritte wie der m\u00fcndliche Spracherwerb oder die Vorl\u00e4uferf\u00e4higkeiten f\u00fcr den sp\u00e4teren Schulbesuch finden in dieser Zeit statt. Deshalb sprach sich auch der renommierte Bildungsforscher Klaus Klemm im Zuge der j\u00fcngsten Pisa-Debatte f\u00fcr eine St\u00e4rkung der fr\u00fchkindlichen Bildung aus.<\/p>\n<p>&#8222;Dies zeigt, dass es umso wichtiger ist es, dass allen Familien ein Kitaplatz angeboten wird. Unter der schwarz-gr\u00fcnen Landesregierung haben sich die Probleme stetig vergr\u00f6\u00dfert. Laut der Bertelsmann-Stiftung ist in Nordrhein-Westfalen die L\u00fccke zwischen Angebot und Bedarf auf mehr als 110.000 Kita-Pl\u00e4tze angewachsen. Wenn Eltern keinen Betreuungsplatz bekommen, obwohl das Kind ab Vollendung des ersten Lebensjahres einen Rechtsanspruch hat, leiden darunter Kinder und berufst\u00e4tige Familien gleicherma\u00dfen&#8220;, so Bongers.<\/p>\n<h3 class=\"spd-ob-crossheading\">Verteilungskampf<\/h3>\n<p>In der Realit\u00e4t sei l\u00e4ngst ein Verteilungskampf um die knappen Bildungs- und Betreuungsressourcen entbrannt, und das sei ein Kampf, den vor allen Dingen Kinder aus benachteiligten Familien verl\u00f6ren, sagt die SPD-Politikerin. &#8222;Schon heute verr\u00e4t ein Blick in die Sozialr\u00e4ume unseres Bundeslands, dass es oftmals in den Quartieren mit besonderem Erneuerungsbedarf wenig Kindertagesst\u00e4tten und die niedrigsten Betreuungsquoten gibt. Schon die Postleitzahl verr\u00e4t, wie es um die Chancengleichheit eines Kindes bestellt ist. In NRW scheitert das bisher an fehlenden Geb\u00e4uden, Personal und letztendlich an der Unterfinanzierung des Bildungssystems.<\/p>\n<p>Das muss sich \u00e4ndern. Anders als bisher m\u00fcssen wir die Kinder und ihre individuellen St\u00e4rken und Bed\u00fcrfnisse in den Mittelpunkt stellen. Hierf\u00fcr streben wir eine engere Verzahnung und Zusammenarbeit von Kitas und Grundschulen an. Bereits im Alter von 4,5 Jahren brauchen wir ein erstes umfassendes Screening des motorischen, sprachlichen, kognitiven und sozialen Entwicklungs- und Gesundheitszustands aller Kinder, damit noch gen\u00fcgend Zeit bis zum Schulbeginn bleibt, um Kindern bei Bedarf individuelle F\u00f6rderangebote zu machen. So verhindern wir, dass Kinder uns bereits verloren gehen, bevor sie \u00fcberhaupt einen Fu\u00df auf den Schulhof gesetzt haben&#8220;, so Bongers abschlie\u00dfend.<\/p>\n","protected":false},"excerpt":{"rendered":"<p>&#8222;Bildung und Gerechtigkeit fangen fr\u00fch an. Schon bei den Kleinsten. Daf\u00fcr haben wir Sorge zu tragen. NRW braucht ausreichend Kita-Pl\u00e4tze f\u00fcr Kinder ab dem vollendeten ersten Lebensjahr. Die fr\u00fchkindliche Bildung&hellip; <\/p>\n","protected":false},"author":1,"featured_media":0,"comment_status":"closed","ping_status":"closed","sticky":false,"template":"","format":"standard","meta":{"footnotes":""},"categories":[4120,179,216],"tags":[4181,2532,230,3630,605,4180,228,165,2553,1603,4183,4182],"quellen":[1317],"class_list":["post-11601","post","type-post","status-publish","format-standard","hentry","category-die-woche-im-landtag","category-kinder-und-jugendliche","category-land","tag-berufstaetige","tag-bildungsgerechtigkeit","tag-fruehkindliche-bildung","tag-ganztagsbetreuung","tag-kindergaerten","tag-kindertagesbetreuung","tag-kita-plaetze","tag-kitas","tag-offener-ganztag","tag-ogs","tag-uebergang-kita-schule","tag-verlaessliche-kita","quellen-mdl-sonja-bongers"],"_links":{"self":[{"href":"https:\/\/meier-gerdingh.de\/wp-spd-ob\/wp-json\/wp\/v2\/posts\/11601","targetHints":{"allow":["GET"]}}],"collection":[{"href":"https:\/\/meier-gerdingh.de\/wp-spd-ob\/wp-json\/wp\/v2\/posts"}],"about":[{"href":"https:\/\/meier-gerdingh.de\/wp-spd-ob\/wp-json\/wp\/v2\/types\/post"}],"author":[{"embeddable":true,"href":"https:\/\/meier-gerdingh.de\/wp-spd-ob\/wp-json\/wp\/v2\/users\/1"}],"replies":[{"embeddable":true,"href":"https:\/\/meier-gerdingh.de\/wp-spd-ob\/wp-json\/wp\/v2\/comments?post=11601"}],"version-history":[{"count":0,"href":"https:\/\/meier-gerdingh.de\/wp-spd-ob\/wp-json\/wp\/v2\/posts\/11601\/revisions"}],"wp:attachment":[{"href":"https:\/\/meier-gerdingh.de\/wp-spd-ob\/wp-json\/wp\/v2\/media?parent=11601"}],"wp:term":[{"taxonomy":"category","embeddable":true,"href":"https:\/\/meier-gerdingh.de\/wp-spd-ob\/wp-json\/wp\/v2\/categories?post=11601"},{"taxonomy":"post_tag","embeddable":true,"href":"https:\/\/meier-gerdingh.de\/wp-spd-ob\/wp-json\/wp\/v2\/tags?post=11601"},{"taxonomy":"quellen","embeddable":true,"href":"https:\/\/meier-gerdingh.de\/wp-spd-ob\/wp-json\/wp\/v2\/quellen?post=11601"}],"curies":[{"name":"wp","href":"https:\/\/api.w.org\/{rel}","templated":true}]}}