{"id":11604,"date":"2024-09-13T16:39:12","date_gmt":"2024-09-13T14:39:12","guid":{"rendered":"https:\/\/meier-gerdingh.de\/wp-spd-ob\/?p=11604"},"modified":"2024-09-13T16:39:42","modified_gmt":"2024-09-13T14:39:42","slug":"die-staerkung-unserer-innenstaedte-und-ortszentren-braucht-eine-perspektive","status":"publish","type":"post","link":"https:\/\/meier-gerdingh.de\/wp-spd-ob\/2024\/09\/13\/die-staerkung-unserer-innenstaedte-und-ortszentren-braucht-eine-perspektive\/","title":{"rendered":"Die St\u00e4rkung unserer Innenst\u00e4dte und Ortszentren braucht eine Perspektive"},"content":{"rendered":"<p><a href=\"https:\/\/meier-gerdingh.de\/wp-spd-ob\/wp-content\/uploads\/2023\/03\/banner-diese-woche-im-landtag-01.jpg\"><img decoding=\"async\" class=\"aligncenter size-full wp-image-10267\" src=\"https:\/\/meier-gerdingh.de\/wp-spd-ob\/wp-content\/uploads\/2023\/03\/banner-diese-woche-im-landtag-01.jpg\" alt=\"\" width=\"700\" height=\"258\" srcset=\"https:\/\/meier-gerdingh.de\/wp-spd-ob\/wp-content\/uploads\/2023\/03\/banner-diese-woche-im-landtag-01.jpg 700w, https:\/\/meier-gerdingh.de\/wp-spd-ob\/wp-content\/uploads\/2023\/03\/banner-diese-woche-im-landtag-01-300x111.jpg 300w\" sizes=\"(max-width: 700px) 100vw, 700px\" \/><\/a>&#8222;Mit dem Landesprogramm &#8222;Zukunftsf\u00e4hige Innenst\u00e4dte und Ortszentren&#8220; hat die Landesregierung auf die unver\u00e4ndert sehr herausfordernde Lage der St\u00e4dte und Gemeinden reagiert. Dennoch ist die finanzielle Ausstattung des Programms mangelhaft, sagt die SPD-Landtagsabgeordnete Sonja Bongers.<\/p>\n<p>Das Programm wurde mit 35 Millionen Euro ausgestattet. Der Bewilligungs- und Durchf\u00fchrungszeitraum endet am 31. Dezember 2026. Bis zur Antragsfrist am 15. Juni 2023 wurden zum Landesprogramm 272 Antr\u00e4ge aus 173 Kommunen mit einem Gesamtvolumen von 80,6 Mio. Euro zuwendungsf\u00e4higen Ausgaben (rd. 54 Mio. Euro beantragte F\u00f6rderung) eingereicht. Das Programm war damit deutlich (um rund 19 Mio. Euro) \u00fcberzeichnet.<!--more--><\/p>\n<p>&#8222;Alle St\u00e4dte und Gemeinden in Nordrhein-Westfalen brauchen eine planbare Hilfe bei der \u00dcberwindung der Krise von Innenst\u00e4dten und Ortsteilzentren. Die ausstehenden und begonnenen Transformationsprozesse in den Kommunen zeigen, dass es weiterhin punktgenaue und nachhaltige F\u00f6rderprogramme geben muss, die den urbanen Wandel der Innenst\u00e4dte und Ortsteilzentren weiterhin aktiv unterst\u00fctzen, so Bongers.<\/p>\n<h3 class=\"spd-ob-crossheading\">Konkurrenz vor Ort<\/h3>\n<p>Die vorgegebene Unterfinanzierung des Programms f\u00fchre vor Ort zur Konkurrenz innerst\u00e4dtischer Lagen verschiedener Priorit\u00e4ten. In der Konsequenz w\u00fcrden in Folge der \u00dcberzeichnung des Programms viele Ortszentren zu Gunsten der innerst\u00e4dtischen A-Lagen nicht ber\u00fccksichtigt. Belebte Ortszentren seien aber in der Wahrnehmung der B\u00fcrger ein wesentlicher Bestandteil der Lebensqualit\u00e4t als &#8222;gute Stube&#8220; des jeweiligen Stadtteils.<\/p>\n<p>Dies f\u00fchre dazu, dass die innerst\u00e4dtischen Standortwettbewerbe bei Einwohnern, Gewerbetreibenden und Immobilienbesitzern versch\u00e4rft und die damit verbundenen Konflikte den Stadtverwaltungen aufgeb\u00fcrdet w\u00fcrden, erkl\u00e4rt Bongers.<\/p>\n<p>&#8222;Die Konzeption des Programms, dessen Mittel bereits heute vollst\u00e4ndig gebunden sind, ist nicht nachhaltig und daher weniger als ein Tropfen auf den hei\u00dfen Stein. Das muss zu Gunsten einer dauerhaften St\u00e4rkung f\u00fcr alle Innenst\u00e4dte und Ortsteilzentren in NRW ge\u00e4ndert werden. Nordrhein-Westfalen braucht ein starkes und nachhaltiges F\u00f6rderprogramm f\u00fcr die Krisen gesch\u00fcttelten Innenst\u00e4dte und Ortszentren, das finanziell wesentlich st\u00e4rker ausgestattet und dauerhaft werden muss&#8220;, so die SPD-Politikerin.<\/p>\n","protected":false},"excerpt":{"rendered":"<p>&#8222;Mit dem Landesprogramm &#8222;Zukunftsf\u00e4hige Innenst\u00e4dte und Ortszentren&#8220; hat die Landesregierung auf die unver\u00e4ndert sehr herausfordernde Lage der St\u00e4dte und Gemeinden reagiert. Dennoch ist die finanzielle Ausstattung des Programms mangelhaft, sagt&hellip; <\/p>\n","protected":false},"author":1,"featured_media":0,"comment_status":"closed","ping_status":"closed","sticky":false,"template":"","format":"standard","meta":{"footnotes":""},"categories":[4120,216,16],"tags":[1212,2559,5,4190],"quellen":[1317],"class_list":["post-11604","post","type-post","status-publish","format-standard","hentry","category-die-woche-im-landtag","category-land","category-stadtentwicklung","tag-foerderprogramme","tag-innenstaedte","tag-landesfoerderung","tag-landesprogramm-zukunftsfaehige-innenstaedte-und-ortszentren","quellen-mdl-sonja-bongers"],"_links":{"self":[{"href":"https:\/\/meier-gerdingh.de\/wp-spd-ob\/wp-json\/wp\/v2\/posts\/11604","targetHints":{"allow":["GET"]}}],"collection":[{"href":"https:\/\/meier-gerdingh.de\/wp-spd-ob\/wp-json\/wp\/v2\/posts"}],"about":[{"href":"https:\/\/meier-gerdingh.de\/wp-spd-ob\/wp-json\/wp\/v2\/types\/post"}],"author":[{"embeddable":true,"href":"https:\/\/meier-gerdingh.de\/wp-spd-ob\/wp-json\/wp\/v2\/users\/1"}],"replies":[{"embeddable":true,"href":"https:\/\/meier-gerdingh.de\/wp-spd-ob\/wp-json\/wp\/v2\/comments?post=11604"}],"version-history":[{"count":0,"href":"https:\/\/meier-gerdingh.de\/wp-spd-ob\/wp-json\/wp\/v2\/posts\/11604\/revisions"}],"wp:attachment":[{"href":"https:\/\/meier-gerdingh.de\/wp-spd-ob\/wp-json\/wp\/v2\/media?parent=11604"}],"wp:term":[{"taxonomy":"category","embeddable":true,"href":"https:\/\/meier-gerdingh.de\/wp-spd-ob\/wp-json\/wp\/v2\/categories?post=11604"},{"taxonomy":"post_tag","embeddable":true,"href":"https:\/\/meier-gerdingh.de\/wp-spd-ob\/wp-json\/wp\/v2\/tags?post=11604"},{"taxonomy":"quellen","embeddable":true,"href":"https:\/\/meier-gerdingh.de\/wp-spd-ob\/wp-json\/wp\/v2\/quellen?post=11604"}],"curies":[{"name":"wp","href":"https:\/\/api.w.org\/{rel}","templated":true}]}}