{"id":11803,"date":"2024-09-23T16:32:19","date_gmt":"2024-09-23T14:32:19","guid":{"rendered":"https:\/\/meier-gerdingh.de\/wp-spd-ob\/?p=11803"},"modified":"2024-09-23T16:32:19","modified_gmt":"2024-09-23T14:32:19","slug":"cdu-gefuehrte-regierung-plant-sozialen-kahlschlag","status":"publish","type":"post","link":"https:\/\/meier-gerdingh.de\/wp-spd-ob\/2024\/09\/23\/cdu-gefuehrte-regierung-plant-sozialen-kahlschlag\/","title":{"rendered":"CDU-gef\u00fchrte Regierung plant sozialen Kahlschlag"},"content":{"rendered":"<div id=\"attachment_9529\" style=\"width: 170px\" class=\"wp-caption alignleft\"><a href=\"https:\/\/meier-gerdingh.de\/wp-spd-ob\/wp-content\/uploads\/2022\/10\/zimkeit-stefan-22-lg.jpg\"><img aria-describedby=\"caption-attachment-9529\" decoding=\"async\" class=\"size-full wp-image-9529\" src=\"https:\/\/meier-gerdingh.de\/wp-spd-ob\/wp-content\/uploads\/2022\/10\/zimkeit-stefan-22.jpg\" alt=\"\" width=\"160\" height=\"200\" \/><\/a><p id=\"caption-attachment-9529\" class=\"wp-caption-text\">Stefan Zimkeit ist Landtagsabgeordneter f\u00fcr Oberhausen-Sterkrade und Dinslaken<\/p><\/div>\n<p>&#8222;Es ist schade, dass sich die CDU Oberhausen bedingungslos hinter die K\u00fcrzungspl\u00e4ne der Regierung W\u00fcst stellt, die auch die Menschen in Oberhausen hart treffen&#8220;, sagt der SPD-Abgeordnete Stefan Zimkeit. Er reagiert damit auf die CDU-Vorsitzende Simone-Tatjana Stehr, die die aktuellen Streichungspl\u00e4ne der Landesregierung verteidigt hat.<\/p>\n<p>&#8222;Die Wohlfahrtverb\u00e4nde haben eine 23-seitige Liste zusammengestellt, die Streichungen von fast 90 Millionen Euro umfasst&#8220;, berichtet Zimkeit. &#8222;Damit beklagen die Sozialverb\u00e4nde von der AWO bis zur Caritas die gr\u00f6\u00dften K\u00fcrzungen in der Geschichte NRWs.&#8220; Betroffen seien unter anderem die Armutsbek\u00e4mpfung, die Pflege, Hilfe f\u00fcr Menschen mit Behinderung und die Familienhilfen. &#8222;Zudem sehen sich die Tr\u00e4ger der Kitas in ihrer Existenz bedroht und fordern ein Hilfspaket vom Land, um eine Schlie\u00dfungswelle bei den Kinderg\u00e4rten zu verhindern.&#8220;<!--more--><\/p>\n<p>Die Stadt Oberhausen werde durch die K\u00fcrzung von Zusch\u00fcssen belastet, etwa durch die Streichung der H\u00e4lfte der Mittel f\u00fcr den kommunalen Stra\u00dfenbau, erl\u00e4utert der SPD-Finanzexperte Zimkeit. &#8222;Gleichzeitig w\u00e4lzt die schwarz-gr\u00fcne Landesregierung die Finanzierung des Ausbaus der schulischen Ganztagsbetreuung auf die Stadt ab, da sie sich weigert, das versprochene Ganztagsgesetz auf den Weg zu bringen.&#8220; Die Streichung von 20 Prozent der Mittel f\u00fcr die Verbraucherberatung bleibe auch nicht folgenlos.<\/p>\n<p>&#8222;Dieser soziale Kahlschlag wird bei uns massive Spuren hinterlassen, und diese Verschlechterung f\u00fcr die Menschen in Oberhausen muss verhindert werden&#8220;, so Zimkeit. Die finanziellen Mittel hierzu stehen nach seiner Einsch\u00e4tzung zur Verf\u00fcgung. Denn zurzeit habe die Landesregierung sieben Milliarden Euro R\u00fccklagen in sogenannten Selbstbewirtschaftungsmitteln. &#8222;Statt die soziale Infrastruktur kaputt zu sparen, muss erstmal auf diese Gelder zugegriffen werden.&#8220;<\/p>\n<p>Verwundert zeigt sich Stefan Zimkeit \u00fcber die Behauptung der \u00f6rtlichen CDU, die Landeregierung betreibe eine &#8222;weitsichtige Finanzpolitik&#8220;. Denn im Landtag werde gerade ein Nachtragshaushalt f\u00fcr das laufende Jahr beraten, mit dem die Regierung W\u00fcst zwei Milliarden Euro neue Schulden machen will, weil sie in diesem Jahr nicht mit dem Geld auskommt. &#8222;Dies ist alles, nur nicht Zeichen von Weitsicht.&#8220;<\/p>\n<p>Dass die CDU versucht, die Verantwortung f\u00fcr ihre unsoziale Politik auf andere abzuschieben, finde Stefan Zimkeit sehr durchsichtig. &#8222;Die CDU regiert seit nun sieben Jahren in NRW und muss sich ihrer Verantwortung stellen. Sie muss aufh\u00f6ren, die Schuld bei andere zu suchen und mit dem Finger nach Berlin zu zeigen, wo die Regierung gerade mal seit drei Jahren im Amt ist.<\/p>\n<p>Zimkeit fordert gemeinsame Anstrengungen, die sozialen K\u00fcrzungen in NRW abzuwenden. Er k\u00fcndigt an, dass die SPD im Landtag entsprechende Vorschl\u00e4ge machen wird.<\/p>\n<p>&#8222;Sozialverb\u00e4nde, Kita-Tr\u00e4ger, viele St\u00e4dte und auch Gewerkschaften protestieren gegen die Pl\u00e4ne der Regierung W\u00fcst \u2013 im Sinne der Menschen in unserer Stadt sollte die CDU Oberhausen den Mut aufbringen, sich dieser Kritik anzuschlie\u00dfen, um einen sozialen Kahlschlag zu verhindern.&#8220;<\/p>\n","protected":false},"excerpt":{"rendered":"<p>&#8222;Es ist schade, dass sich die CDU Oberhausen bedingungslos hinter die K\u00fcrzungspl\u00e4ne der Regierung W\u00fcst stellt, die auch die Menschen in Oberhausen hart treffen&#8220;, sagt der SPD-Abgeordnete Stefan Zimkeit. Er&hellip; <\/p>\n","protected":false},"author":1,"featured_media":0,"comment_status":"closed","ping_status":"closed","sticky":false,"template":"","format":"standard","meta":{"footnotes":""},"categories":[98,216],"tags":[3118,3630,2566,605,165,4197,565,4191,248,4196,4198,1842,1116],"quellen":[331],"class_list":["post-11803","post","type-post","status-publish","format-standard","hentry","category-finanzen","category-land","tag-ganztag","tag-ganztagsbetreuung","tag-ganztagsschulen","tag-kindergaerten","tag-kitas","tag-kuerzung-von-zuschuessen","tag-landeshaushalt","tag-landeshaushalt-2025","tag-landeshaushalt-nrw","tag-nachtragshaushalt-nrw","tag-sozialer-kahlschlag","tag-sozialverbaende","tag-strassenbau","quellen-mdl-stefan-zimkeit"],"_links":{"self":[{"href":"https:\/\/meier-gerdingh.de\/wp-spd-ob\/wp-json\/wp\/v2\/posts\/11803","targetHints":{"allow":["GET"]}}],"collection":[{"href":"https:\/\/meier-gerdingh.de\/wp-spd-ob\/wp-json\/wp\/v2\/posts"}],"about":[{"href":"https:\/\/meier-gerdingh.de\/wp-spd-ob\/wp-json\/wp\/v2\/types\/post"}],"author":[{"embeddable":true,"href":"https:\/\/meier-gerdingh.de\/wp-spd-ob\/wp-json\/wp\/v2\/users\/1"}],"replies":[{"embeddable":true,"href":"https:\/\/meier-gerdingh.de\/wp-spd-ob\/wp-json\/wp\/v2\/comments?post=11803"}],"version-history":[{"count":0,"href":"https:\/\/meier-gerdingh.de\/wp-spd-ob\/wp-json\/wp\/v2\/posts\/11803\/revisions"}],"wp:attachment":[{"href":"https:\/\/meier-gerdingh.de\/wp-spd-ob\/wp-json\/wp\/v2\/media?parent=11803"}],"wp:term":[{"taxonomy":"category","embeddable":true,"href":"https:\/\/meier-gerdingh.de\/wp-spd-ob\/wp-json\/wp\/v2\/categories?post=11803"},{"taxonomy":"post_tag","embeddable":true,"href":"https:\/\/meier-gerdingh.de\/wp-spd-ob\/wp-json\/wp\/v2\/tags?post=11803"},{"taxonomy":"quellen","embeddable":true,"href":"https:\/\/meier-gerdingh.de\/wp-spd-ob\/wp-json\/wp\/v2\/quellen?post=11803"}],"curies":[{"name":"wp","href":"https:\/\/api.w.org\/{rel}","templated":true}]}}