{"id":11809,"date":"2024-09-26T15:22:18","date_gmt":"2024-09-26T13:22:18","guid":{"rendered":"https:\/\/meier-gerdingh.de\/wp-spd-ob\/?p=11809"},"modified":"2024-09-26T15:22:18","modified_gmt":"2024-09-26T13:22:18","slug":"spd-mahnt-realistisches-bild-der-wirtschaftslage-an","status":"publish","type":"post","link":"https:\/\/meier-gerdingh.de\/wp-spd-ob\/2024\/09\/26\/spd-mahnt-realistisches-bild-der-wirtschaftslage-an\/","title":{"rendered":"SPD mahnt realistisches Bild der Wirtschaftslage an"},"content":{"rendered":"<div id=\"attachment_9261\" style=\"width: 190px\" class=\"wp-caption alignleft\"><a href=\"https:\/\/meier-gerdingh.de\/wp-spd-ob\/wp-content\/uploads\/2022\/09\/prohl-manuel-lg.jpg\"><img aria-describedby=\"caption-attachment-9261\" decoding=\"async\" class=\"size-full wp-image-9261\" src=\"https:\/\/meier-gerdingh.de\/wp-spd-ob\/wp-content\/uploads\/2022\/09\/prohl-manuel.jpg\" alt=\"\" width=\"180\" height=\"180\" srcset=\"https:\/\/meier-gerdingh.de\/wp-spd-ob\/wp-content\/uploads\/2022\/09\/prohl-manuel.jpg 180w, https:\/\/meier-gerdingh.de\/wp-spd-ob\/wp-content\/uploads\/2022\/09\/prohl-manuel-150x150.jpg 150w\" sizes=\"(max-width: 180px) 100vw, 180px\" \/><\/a><p id=\"caption-attachment-9261\" class=\"wp-caption-text\">Manuel Prohl ist stellvertretender Vorsitzender und finanzpolitischer Sprecher der SPD-Fraktion<\/p><\/div>\n<p>Verwundert hat man auf Seiten der SPD-Ratsfraktion die Rede zur Haushaltseinbringung von Oberb\u00fcrgermeister Daniel Schranz aufgenommen. &#8222;In der Berichterstattung der Lokalpresse wurde ja spekuliert, dass der OB gewisse &#8218;Errungenschaften&#8216; immer wieder erw\u00e4hnt, bis zumindest ein kleiner Teil der Bev\u00f6lkerung diese angenommen hat&#8220;, so der SPD-Fraktionsvize Manuel Prohl. &#8222;Wer sich jedoch genauer mit einigen dieser Erfolgsmeldungen befasst, muss leider erkennen: Es steht nicht gut um unsere Stadt, da hilft auch kein Gesundbeten.&#8220;<\/p>\n<p>Beispiel Gewerbesteuern: Die Ertr\u00e4ge nennt der OB &#8222;erfreulich&#8220;, mehr als 150 Millionen Euro flossen im vergangenen Jahr; ein Rekord, auf den mancher sicherlich gerne verzichtet h\u00e4tte. &#8222;Schlie\u00dflich haben wir, gemeinsam mit M\u00fclheim, nicht nur den h\u00f6chsten Gewerbesteuerhebesatz im Ruhrgebiet, sondern sogar in ganz NRW&#8220;, erkl\u00e4rt Prohl. &#8222;Einen Grund zur Freude kann ich da nicht erkennen.&#8220;<!--more--><\/p>\n<p>Denn nat\u00fcrlich wirkt sich dies auf die wirtschaftliche Lage der Stadt aus und hat auch Folgen f\u00fcr die Menschen. &#8222;Der Oberb\u00fcrgermeister freut sich \u00fcber 9300 zus\u00e4tzliche Arbeitspl\u00e4tze, die in den vergangen zehn Jahren entstanden sind. Leider profitieren die Menschen in Oberhausen davon zu wenig&#8220;, so Prohl. &#8222;Die Agentur f\u00fcr Arbeit meldete f\u00fcr den Juli eine Arbeitslosenquote von 11,1. Prozent. Im Vergleich zum Vorjahreszeitraum ist das ein Anstieg von 5,6 Prozent.<\/p>\n<p>Hinzu kommt noch eine verfestigte Sockelarbeitslosigkeit, die nat\u00fcrlich die Finanzlage der Kommune, aber in erster Linie die Menschen selbst belastet&#8220;, erkl\u00e4rt der finanzpolitische Sprecher der Fraktion und empfiehlt: &#8222;Auch wenn es schmerzt: Wir m\u00fcssen die Probleme unserer Stadt beim Namen nennen und uns ehrlich machen. Das w\u00e4re mal der erste Schritt, um irgendwann tats\u00e4chlich mit wirtschaftlichen Erfolgsmeldungen vor den Rat treten zu k\u00f6nnen.&#8220;<\/p>\n","protected":false},"excerpt":{"rendered":"<p>Verwundert hat man auf Seiten der SPD-Ratsfraktion die Rede zur Haushaltseinbringung von Oberb\u00fcrgermeister Daniel Schranz aufgenommen. &#8222;In der Berichterstattung der Lokalpresse wurde ja spekuliert, dass der OB gewisse &#8218;Errungenschaften&#8216; immer&hellip; <\/p>\n","protected":false},"author":1,"featured_media":0,"comment_status":"closed","ping_status":"closed","sticky":false,"template":"","format":"standard","meta":{"footnotes":""},"categories":[174,98,311],"tags":[4204,34,688,2752,431],"quellen":[326],"class_list":["post-11809","post","type-post","status-publish","format-standard","hentry","category-arbeit-und-soziales","category-finanzen","category-wirtschaft","tag-arbeitslosenquote-oberhausen","tag-arbeitsplaetze","tag-gewerbesteuer","tag-gewerbesteuerhebesatz","tag-langzeitarbeitslosigkeit","quellen-spd-fraktion-oberhausen"],"_links":{"self":[{"href":"https:\/\/meier-gerdingh.de\/wp-spd-ob\/wp-json\/wp\/v2\/posts\/11809","targetHints":{"allow":["GET"]}}],"collection":[{"href":"https:\/\/meier-gerdingh.de\/wp-spd-ob\/wp-json\/wp\/v2\/posts"}],"about":[{"href":"https:\/\/meier-gerdingh.de\/wp-spd-ob\/wp-json\/wp\/v2\/types\/post"}],"author":[{"embeddable":true,"href":"https:\/\/meier-gerdingh.de\/wp-spd-ob\/wp-json\/wp\/v2\/users\/1"}],"replies":[{"embeddable":true,"href":"https:\/\/meier-gerdingh.de\/wp-spd-ob\/wp-json\/wp\/v2\/comments?post=11809"}],"version-history":[{"count":0,"href":"https:\/\/meier-gerdingh.de\/wp-spd-ob\/wp-json\/wp\/v2\/posts\/11809\/revisions"}],"wp:attachment":[{"href":"https:\/\/meier-gerdingh.de\/wp-spd-ob\/wp-json\/wp\/v2\/media?parent=11809"}],"wp:term":[{"taxonomy":"category","embeddable":true,"href":"https:\/\/meier-gerdingh.de\/wp-spd-ob\/wp-json\/wp\/v2\/categories?post=11809"},{"taxonomy":"post_tag","embeddable":true,"href":"https:\/\/meier-gerdingh.de\/wp-spd-ob\/wp-json\/wp\/v2\/tags?post=11809"},{"taxonomy":"quellen","embeddable":true,"href":"https:\/\/meier-gerdingh.de\/wp-spd-ob\/wp-json\/wp\/v2\/quellen?post=11809"}],"curies":[{"name":"wp","href":"https:\/\/api.w.org\/{rel}","templated":true}]}}