{"id":11823,"date":"2024-10-09T14:05:47","date_gmt":"2024-10-09T12:05:47","guid":{"rendered":"https:\/\/meier-gerdingh.de\/wp-spd-ob\/?p=11823"},"modified":"2024-10-10T15:03:29","modified_gmt":"2024-10-10T13:03:29","slug":"bachelor-fuer-jura-auf-der-zielgeraden","status":"publish","type":"post","link":"https:\/\/meier-gerdingh.de\/wp-spd-ob\/2024\/10\/09\/bachelor-fuer-jura-auf-der-zielgeraden\/","title":{"rendered":"Bachelor f\u00fcr Jura auf der Zielgeraden"},"content":{"rendered":"<p><a href=\"https:\/\/meier-gerdingh.de\/wp-spd-ob\/wp-content\/uploads\/2023\/03\/banner-diese-woche-im-landtag-01.jpg\"><img decoding=\"async\" class=\"aligncenter size-full wp-image-10267\" src=\"https:\/\/meier-gerdingh.de\/wp-spd-ob\/wp-content\/uploads\/2023\/03\/banner-diese-woche-im-landtag-01.jpg\" alt=\"\" width=\"700\" height=\"258\" srcset=\"https:\/\/meier-gerdingh.de\/wp-spd-ob\/wp-content\/uploads\/2023\/03\/banner-diese-woche-im-landtag-01.jpg 700w, https:\/\/meier-gerdingh.de\/wp-spd-ob\/wp-content\/uploads\/2023\/03\/banner-diese-woche-im-landtag-01-300x111.jpg 300w\" sizes=\"(max-width: 700px) 100vw, 700px\" \/><\/a>Der Bachelor f\u00fcr Studierende der Rechtswissenschaften in NRW wird kommen. Darauf verst\u00e4ndigte sich nun der Landtag in D\u00fcsseldorf. F\u00fcr die SPD-Rechtsexpertin Sonja Bongers ein l\u00e4ngst \u00fcberf\u00e4lliger Schritt: &#8222;Jura ist ein hartes Studium. Das wissen alle, die sich hiermit besch\u00e4ftigt haben. Und dennoch ist Jura auch ein sch\u00f6nes und vor allem vielf\u00e4ltiges Studium. Trotzdem schaffen jedes Jahr zahlreiche ambitionierte Jurastudierende nicht die Examenspr\u00fcfung.<\/p>\n<p>Aber das Studium sollte nicht umsonst sein. Menschen, die Jura studiert und darin auch schon erhebliche Studienleistungen erworben haben, bringen solide Qualifikationen mit, auch wenn sie kein Staatsexamen erfolgreich absolviert haben&#8220;, sagte die SPD-Rechtsexpertin Sonja Bongers im Landtag.<!--more--><\/p>\n<p>&#8222;Gerade hinsichtlich des Mangels an Fachkr\u00e4ften in der \u00f6ffentlichen Verwaltung, erhalten wir hier die M\u00f6glichkeit, gezielt diesem Mangel zu begegnen, so Bongers abschlie\u00dfend.<\/p>\n","protected":false},"excerpt":{"rendered":"<p>Der Bachelor f\u00fcr Studierende der Rechtswissenschaften in NRW wird kommen. Darauf verst\u00e4ndigte sich nun der Landtag in D\u00fcsseldorf. F\u00fcr die SPD-Rechtsexpertin Sonja Bongers ein l\u00e4ngst \u00fcberf\u00e4lliger Schritt: &#8222;Jura ist ein&hellip; <\/p>\n","protected":false},"author":1,"featured_media":0,"comment_status":"closed","ping_status":"closed","sticky":false,"template":"","format":"standard","meta":{"footnotes":""},"categories":[231,4120],"tags":[762,4206,4205,3522,3112,4207],"quellen":[1317],"class_list":["post-11823","post","type-post","status-publish","format-standard","hentry","category-bildung","category-die-woche-im-landtag","tag-fachkraeftemangel","tag-jura-bachelor","tag-jura-studium","tag-juristisches-staatsexamen","tag-oeffentlicher-dienst","tag-rechtswissenschaften","quellen-mdl-sonja-bongers"],"_links":{"self":[{"href":"https:\/\/meier-gerdingh.de\/wp-spd-ob\/wp-json\/wp\/v2\/posts\/11823","targetHints":{"allow":["GET"]}}],"collection":[{"href":"https:\/\/meier-gerdingh.de\/wp-spd-ob\/wp-json\/wp\/v2\/posts"}],"about":[{"href":"https:\/\/meier-gerdingh.de\/wp-spd-ob\/wp-json\/wp\/v2\/types\/post"}],"author":[{"embeddable":true,"href":"https:\/\/meier-gerdingh.de\/wp-spd-ob\/wp-json\/wp\/v2\/users\/1"}],"replies":[{"embeddable":true,"href":"https:\/\/meier-gerdingh.de\/wp-spd-ob\/wp-json\/wp\/v2\/comments?post=11823"}],"version-history":[{"count":0,"href":"https:\/\/meier-gerdingh.de\/wp-spd-ob\/wp-json\/wp\/v2\/posts\/11823\/revisions"}],"wp:attachment":[{"href":"https:\/\/meier-gerdingh.de\/wp-spd-ob\/wp-json\/wp\/v2\/media?parent=11823"}],"wp:term":[{"taxonomy":"category","embeddable":true,"href":"https:\/\/meier-gerdingh.de\/wp-spd-ob\/wp-json\/wp\/v2\/categories?post=11823"},{"taxonomy":"post_tag","embeddable":true,"href":"https:\/\/meier-gerdingh.de\/wp-spd-ob\/wp-json\/wp\/v2\/tags?post=11823"},{"taxonomy":"quellen","embeddable":true,"href":"https:\/\/meier-gerdingh.de\/wp-spd-ob\/wp-json\/wp\/v2\/quellen?post=11823"}],"curies":[{"name":"wp","href":"https:\/\/api.w.org\/{rel}","templated":true}]}}