{"id":11825,"date":"2024-10-09T15:03:38","date_gmt":"2024-10-09T13:03:38","guid":{"rendered":"https:\/\/meier-gerdingh.de\/wp-spd-ob\/?p=11825"},"modified":"2024-10-10T15:11:20","modified_gmt":"2024-10-10T13:11:20","slug":"mehr-tun-gegen-frauenhass-im-netz","status":"publish","type":"post","link":"https:\/\/meier-gerdingh.de\/wp-spd-ob\/2024\/10\/09\/mehr-tun-gegen-frauenhass-im-netz\/","title":{"rendered":"Mehr Tun gegen Frauenhass im Netz"},"content":{"rendered":"<p><a href=\"https:\/\/meier-gerdingh.de\/wp-spd-ob\/wp-content\/uploads\/2023\/03\/banner-diese-woche-im-landtag-01.jpg\"><img decoding=\"async\" class=\"aligncenter size-full wp-image-10267\" src=\"https:\/\/meier-gerdingh.de\/wp-spd-ob\/wp-content\/uploads\/2023\/03\/banner-diese-woche-im-landtag-01.jpg\" alt=\"\" width=\"700\" height=\"258\" srcset=\"https:\/\/meier-gerdingh.de\/wp-spd-ob\/wp-content\/uploads\/2023\/03\/banner-diese-woche-im-landtag-01.jpg 700w, https:\/\/meier-gerdingh.de\/wp-spd-ob\/wp-content\/uploads\/2023\/03\/banner-diese-woche-im-landtag-01-300x111.jpg 300w\" sizes=\"(max-width: 700px) 100vw, 700px\" \/><\/a>Das Internet und insbesondere die sozialen Medien bieten einen fruchtbaren N\u00e4hrboden f\u00fcr Sexismus und Frauenhass. Aktuelle Trends, wie die selbsternannten &#8222;Alpha Males&#8220;, verbreiten sich dank der Algorithmen der Social Media Plattformen in rasender Geschwindigkeit auf der ganzen Welt. Andrew Tate, bekannteste Figur der Frauenhass-Szene im Netz, war im Jahr 2022 die meistgesuchte Person auf Google, der Hashtag AndrewTate wurde im selben Jahr allein auf TikTok \u00fcber 13 Milliarden. mal geklickt. Obwohl er Verbindungen zu radikalen Rechten pflegt, vorbestraft und aktuell in Haft ist, ist seine Reichweite ungebrochen.<\/p>\n<p>Geschickt nutzt er dabei die M\u00f6glichkeiten der sozialen Medien. Im Internet hat sich eine maskulinistische Szene aus verschiedenen Subkulturen gebildet, die in digitalen Foren, \u00fcber Messenger-Dienste und auf Plattformen wie Youtube, Instagram und TikTok ein misogynes Weltbild kultiviert.<!--more--><\/p>\n<h3 class=\"spd-ob-crossheading\">Rechte Tendenzen<\/h3>\n<p>Dieses Weltbild ist nicht nur durchzogen von einem irrealen Verst\u00e4ndnis von M\u00e4nnlichkeit, sondern beruht auf Sexismus und Frauenhass. In der sogenannten &#8222;Manosphere&#8220; versammeln sich Akteure verschiedener Str\u00f6mungen in einem losen plattform\u00fcbergreifenden Netzwerk, welches sich durch Inhalte zu den Themen M\u00e4nnerrechte, sexuelle Strategien und Frauenfeindlichkeit auszeichnet. Teilweise besteht eine ideologische N\u00e4he zu rechtsextremen, antisemitischen und verschw\u00f6rungstheoretischen Milieus mit latenter Gewaltbereitschaft, die alle an eine grunds\u00e4tzliche \u00dcberlegenheit von M\u00e4nnern gegen\u00fcber Frauen glauben.<\/p>\n<p>Hass im Netz ist dabei Teil des Alltagssexismus den insbesondere Frauen und M\u00e4dchen t\u00e4glich erfahren. Durch den hohen Stellenwert des Internets und der Sozialen Medien erfahren junge Menschen bereits fr\u00fch verschiedene Formen digitaler Gewalt \u2013 nicht nur durch frauenhassende Influencer, sondern auch durch Formen der Diskriminierung wie Bodyshaming, Stalking und intersektionale Diskriminierung.<\/p>\n<p>So haben 70 Prozent der M\u00e4dchen und jungen Frauen in Deutschland zwischen 15 und 24 Jahren laut Welt-M\u00e4dchenbericht 2020 von Plan International bereits Diskriminierung, Bedrohungen und Beleidigungen in den sozialen Medien erfahren.<\/p>\n<h3 class=\"spd-ob-crossheading\">Zentrale Beratungsstelle<\/h3>\n<p>&#8222;Es macht Sinn, eine zentrale Beratungsstelle f\u00fcr Opfer von digitaler Gewalt einzurichten, so dass Betroffene schnell und kompetent gesch\u00fctzt werden. Dazu soll diese Beratungsstelle Opfern Wege zu Hilfsangeboten aufzeigen, und ein digitales Meldeformular f\u00fcr alle Formen digitaler Gewalt in Anlehnung an das Meldeformular zu Cyber-Grooming bereitstellen&#8220;, so die SPD-Politikerin Sonja Bongers.<\/p>\n<p>Dazu sollten Sch\u00fclerinnen und Sch\u00fcler st\u00e4rker f\u00fcr den Einfluss des Internets und der sozialen Medien sowie f\u00fcr digitale Gewalt sensibilisiert werden. &#8222;Digitale Gewalt gegen Frauen und M\u00e4dchen muss im Rahmen der Gewinnung von Medienkompetenzen bei Sch\u00fclerinnen und Sch\u00fclern einen Schwerpunkt bilden&#8220;, so Bongers.<\/p>\n","protected":false},"excerpt":{"rendered":"<p>Das Internet und insbesondere die sozialen Medien bieten einen fruchtbaren N\u00e4hrboden f\u00fcr Sexismus und Frauenhass. Aktuelle Trends, wie die selbsternannten &#8222;Alpha Males&#8220;, verbreiten sich dank der Algorithmen der Social Media&hellip; <\/p>\n","protected":false},"author":1,"featured_media":0,"comment_status":"closed","ping_status":"closed","sticky":false,"template":"","format":"standard","meta":{"footnotes":""},"categories":[4120,95],"tags":[4212,4213,4211,4208,4209,863,4210,4185],"quellen":[1317],"class_list":["post-11825","post","type-post","status-publish","format-standard","hentry","category-die-woche-im-landtag","category-gleichstellung","tag-digitale-gewalt","tag-digitale-gewalt-gegen-frauen-und-maedchen","tag-frauenfeindlichkeit","tag-frauenhass","tag-frauenhass-im-internet","tag-rechtsextremismus","tag-sexismus","tag-soziale-medien","quellen-mdl-sonja-bongers"],"_links":{"self":[{"href":"https:\/\/meier-gerdingh.de\/wp-spd-ob\/wp-json\/wp\/v2\/posts\/11825","targetHints":{"allow":["GET"]}}],"collection":[{"href":"https:\/\/meier-gerdingh.de\/wp-spd-ob\/wp-json\/wp\/v2\/posts"}],"about":[{"href":"https:\/\/meier-gerdingh.de\/wp-spd-ob\/wp-json\/wp\/v2\/types\/post"}],"author":[{"embeddable":true,"href":"https:\/\/meier-gerdingh.de\/wp-spd-ob\/wp-json\/wp\/v2\/users\/1"}],"replies":[{"embeddable":true,"href":"https:\/\/meier-gerdingh.de\/wp-spd-ob\/wp-json\/wp\/v2\/comments?post=11825"}],"version-history":[{"count":0,"href":"https:\/\/meier-gerdingh.de\/wp-spd-ob\/wp-json\/wp\/v2\/posts\/11825\/revisions"}],"wp:attachment":[{"href":"https:\/\/meier-gerdingh.de\/wp-spd-ob\/wp-json\/wp\/v2\/media?parent=11825"}],"wp:term":[{"taxonomy":"category","embeddable":true,"href":"https:\/\/meier-gerdingh.de\/wp-spd-ob\/wp-json\/wp\/v2\/categories?post=11825"},{"taxonomy":"post_tag","embeddable":true,"href":"https:\/\/meier-gerdingh.de\/wp-spd-ob\/wp-json\/wp\/v2\/tags?post=11825"},{"taxonomy":"quellen","embeddable":true,"href":"https:\/\/meier-gerdingh.de\/wp-spd-ob\/wp-json\/wp\/v2\/quellen?post=11825"}],"curies":[{"name":"wp","href":"https:\/\/api.w.org\/{rel}","templated":true}]}}