{"id":11832,"date":"2024-10-18T12:30:46","date_gmt":"2024-10-18T10:30:46","guid":{"rendered":"https:\/\/meier-gerdingh.de\/wp-spd-ob\/?p=11832"},"modified":"2024-10-18T12:36:45","modified_gmt":"2024-10-18T10:36:45","slug":"11832","status":"publish","type":"post","link":"https:\/\/meier-gerdingh.de\/wp-spd-ob\/2024\/10\/18\/11832\/","title":{"rendered":"SPD-Unterbezirksvorstand nominiert Thorsten Berg als OB-Kandidat"},"content":{"rendered":"<div id=\"attachment_11830\" style=\"width: 710px\" class=\"wp-caption aligncenter\"><a href=\"https:\/\/meier-gerdingh.de\/wp-spd-ob\/wp-content\/uploads\/2024\/10\/thorsten-berg-24-lg.jpg\"><img aria-describedby=\"caption-attachment-11830\" decoding=\"async\" class=\"size-full wp-image-11830\" src=\"https:\/\/meier-gerdingh.de\/wp-spd-ob\/wp-content\/uploads\/2024\/10\/thorsten-berg-24.jpg\" alt=\"\" width=\"700\" height=\"546\" srcset=\"https:\/\/meier-gerdingh.de\/wp-spd-ob\/wp-content\/uploads\/2024\/10\/thorsten-berg-24.jpg 700w, https:\/\/meier-gerdingh.de\/wp-spd-ob\/wp-content\/uploads\/2024\/10\/thorsten-berg-24-300x234.jpg 300w\" sizes=\"(max-width: 700px) 100vw, 700px\" \/><\/a><p id=\"caption-attachment-11830\" class=\"wp-caption-text\">Tritt wieder als Oberb\u00fcrgermeister-Kandidat der Oberhausener SPD an: Thorsten Berg<\/p><\/div>\n<p>Der SPD-Unterbezirksvorstand nominiert einstimmig Thorsten Berg f\u00fcr die Kandidatur als Oberb\u00fcrgermeister f\u00fcr Oberhausen. Berg tritt damit zum zweiten Mal als Herausforderer gegen Amtsinhaber Daniel Schranz an. &#8222;Ich freue mich, dass der Unterbezirksvorstand mich ein weiteres Mal in das Rennen als Oberb\u00fcrgermeister-Kandidat schickt&#8220;, so Berg.<\/p>\n<p>Thorsten Berg ist 1969 in Gelsenkirchen geboren. Als Sohn eines Bergarbeiters und einer Verk\u00e4uferin verbrachte er ab seinem dritten Lebensjahr seine Kindheit in Oberhausen-Lirich, wo er auch die Grundschule besuchte. Nach dem Abitur 1988 am Novalis-Gymnasium machte er eine Ausbildung zum Bankkaufmann bei der Stadtsparkasse Oberhausen. Seit 2009 leitet er die gro\u00dfe Filiale der Sparkasse in Sterkrade-Mitte.<!--more--><\/p>\n<p>Thorsten Berg ist verheiratet und Vater von zwei Kindern. Neben seiner T\u00e4tigkeit als Filialleiter engagiert sich Thorsten Berg seit langem f\u00fcr Arbeitnehmerrechte. Seit 2008 ist er Mitglied des Personalrats der Sparkasse. Seit 2014 vertritt er die Arbeitnehmer im Verwaltungsrat der Stadtsparkasse Oberhausen. Thorsten Berg ist seit 2022 Mitglied des Unterbezirksvorstandes und im Vorstand des SPD Ortsvereins Alsfeld-Holten.<\/p>\n<p>Im Dezember wird sich Thorsten Berg dem Votum des Unterbezirksparteitages der Oberhausener SPD stellen. Die offizielle Nominierung als Kandidat soll dann im Fr\u00fchjahr erfolgen.<\/p>\n","protected":false},"excerpt":{"rendered":"<p>Der SPD-Unterbezirksvorstand nominiert einstimmig Thorsten Berg f\u00fcr die Kandidatur als Oberb\u00fcrgermeister f\u00fcr Oberhausen. Berg tritt damit zum zweiten Mal als Herausforderer gegen Amtsinhaber Daniel Schranz an. &#8222;Ich freue mich, dass&hellip; <\/p>\n","protected":false},"author":1,"featured_media":0,"comment_status":"closed","ping_status":"closed","sticky":false,"template":"","format":"standard","meta":{"footnotes":""},"categories":[2169,178],"tags":[4223,251,299,4224,2323],"quellen":[327],"class_list":["post-11832","post","type-post","status-publish","format-standard","hentry","category-personalien","category-wahlen","tag-kommunalwahl-2025","tag-ob-kandidat","tag-oberbuergermeister-kandidat","tag-spd-ob-kandidat","tag-thorsten-berg","quellen-spd-unterbezirk-oberhausen"],"_links":{"self":[{"href":"https:\/\/meier-gerdingh.de\/wp-spd-ob\/wp-json\/wp\/v2\/posts\/11832","targetHints":{"allow":["GET"]}}],"collection":[{"href":"https:\/\/meier-gerdingh.de\/wp-spd-ob\/wp-json\/wp\/v2\/posts"}],"about":[{"href":"https:\/\/meier-gerdingh.de\/wp-spd-ob\/wp-json\/wp\/v2\/types\/post"}],"author":[{"embeddable":true,"href":"https:\/\/meier-gerdingh.de\/wp-spd-ob\/wp-json\/wp\/v2\/users\/1"}],"replies":[{"embeddable":true,"href":"https:\/\/meier-gerdingh.de\/wp-spd-ob\/wp-json\/wp\/v2\/comments?post=11832"}],"version-history":[{"count":0,"href":"https:\/\/meier-gerdingh.de\/wp-spd-ob\/wp-json\/wp\/v2\/posts\/11832\/revisions"}],"wp:attachment":[{"href":"https:\/\/meier-gerdingh.de\/wp-spd-ob\/wp-json\/wp\/v2\/media?parent=11832"}],"wp:term":[{"taxonomy":"category","embeddable":true,"href":"https:\/\/meier-gerdingh.de\/wp-spd-ob\/wp-json\/wp\/v2\/categories?post=11832"},{"taxonomy":"post_tag","embeddable":true,"href":"https:\/\/meier-gerdingh.de\/wp-spd-ob\/wp-json\/wp\/v2\/tags?post=11832"},{"taxonomy":"quellen","embeddable":true,"href":"https:\/\/meier-gerdingh.de\/wp-spd-ob\/wp-json\/wp\/v2\/quellen?post=11832"}],"curies":[{"name":"wp","href":"https:\/\/api.w.org\/{rel}","templated":true}]}}