{"id":11856,"date":"2024-10-31T13:15:25","date_gmt":"2024-10-31T12:15:25","guid":{"rendered":"https:\/\/meier-gerdingh.de\/wp-spd-ob\/?p=11856"},"modified":"2024-11-01T13:22:54","modified_gmt":"2024-11-01T12:22:54","slug":"mehr-sicherheit-fuer-schuelerinnen-und-schueler-an-der-wehrstrasse","status":"publish","type":"post","link":"https:\/\/meier-gerdingh.de\/wp-spd-ob\/2024\/10\/31\/mehr-sicherheit-fuer-schuelerinnen-und-schueler-an-der-wehrstrasse\/","title":{"rendered":"Mehr Sicherheit f\u00fcr Sch\u00fclerinnen und Sch\u00fcler an der Wehrstra\u00dfe"},"content":{"rendered":"<p>Die <a href=\"https:\/\/meier-gerdingh.de\/wp-spd-ob\/fraktion\/bezirksvertretungen\/alt-oberhausen\/\">SPD-Fraktion in der Bezirksvertretung Alt-Oberhausen<\/a> hat am Mittwoch einen wichtigen Erfolg f\u00fcr die Sicherheit der Sch\u00fclerinnen und Sch\u00fcler der neu gegr\u00fcndeten Gesamtschule Knappenstra\u00dfe verbuchen k\u00f6nnen: Mit einer knappen Mehrheit von 10:9 Stimmen wurden die Antr\u00e4ge zur Verkehrsberuhigung an der Wehrstra\u00dfe angenommen. Die Ma\u00dfnahmen umfassen sowohl die <a href=\"https:\/\/meier-gerdingh.de\/wp-spd-ob\/fraktion\/antraege\/ausweitung-der-tempo-30-zone-auf-der-wehrstrasse\/\">Ausweitung der Tempo-30-Zone<\/a> als auch die <a href=\"https:\/\/meier-gerdingh.de\/wp-spd-ob\/fraktion\/antraege\/einrichtung-einer-sicheren-querungshilfe-ueber-die-wehrstrasse-in-hoehe-der-zweigstelle-der-gesamtschule-an-der-knappenstrasse\/\">Einrichtung einer sicheren Querungshilfe<\/a> im Bereich des \u00dcbergangsgeb\u00e4udes im ehemaligen Niederrheinkolleg.<\/p>\n<p>Bezirksvertreter Sven Pascheberg zeigte sich nach der Abstimmung erleichtert: &#8222;Es ist sehr erfreulich, dass wir heute eine direkte Umsetzung der Sicherheitsma\u00dfnahmen beschlie\u00dfen konnten, ohne dass weitere Pr\u00fcfauftr\u00e4ge eine effektive L\u00f6sung im Sinne der Sch\u00fclerinnen und Sch\u00fcler verz\u00f6gern.&#8220;<!--more--><\/p>\n<p>Der Ortsvereinsvorsitzende Udo Milbret betonte die intensive Vorarbeit: &#8222;Der Ortsverein Oberhausen-Ost besch\u00e4ftigt sich seit langem intensiv mit der Verkehrssituation rund um den Wehrplatz. Die beschlossenen Antr\u00e4ge sind das Ergebnis einer gr\u00fcndlichen Analyse der Verkehrssituation vor Ort.&#8220;<\/p>\n<p>Ein \u00c4nderungsantrag der CDU-Fraktion, der beide SPD-Antr\u00e4ge in Pr\u00fcfauftr\u00e4ge umwandeln wollte, scheiterte knapp. Stadtverordneter Maximilian Janetzki kommentierte das Abstimmungsverhalten kritisch: &#8222;Es ist bedenklich zu sehen, wie die CDU-Fraktion sich beim Thema Gesamtschule positioniert. Nachdem sie bereits gegen alle fachlichen Empfehlungen die Schulgr\u00fcndung ablehnte, zeigt sie nun ein zwiesp\u00e4ltiges Verh\u00e4ltnis zu einem Projekt, das ihr eigener Oberb\u00fcrgermeister mittr\u00e4gt. Diese Haltung k\u00f6nnte zu einer problematischen Distanz zwischen der CDU und der neuen Gesamtschule f\u00fchren.&#8220;<\/p>\n<p>Zur Erinnerung: Die Gr\u00fcndung der Gesamtschule konnte nur durch die Stimmen der SPD und des CDU-Oberb\u00fcrgermeisters Daniel Schranz gegen den Widerstand der CDU-Fraktion durchgesetzt werden. Die nun beschlossenen Verkehrsberuhigungsma\u00dfnahmen sehen eine Verl\u00e4ngerung der bestehenden Tempo-30-Zone von der Einm\u00fcndung Hahnenstra\u00dfe bis zur Danziger Stra\u00dfe vor. Zudem wird ein Fu\u00dfg\u00e4nger\u00fcberweg n\u00e4her an das Schulgel\u00e4nde verlegt, um den Sch\u00fclern einen sicheren Schulweg zu erm\u00f6glichen.<\/p>\n","protected":false},"excerpt":{"rendered":"<p>Die SPD-Fraktion in der Bezirksvertretung Alt-Oberhausen hat am Mittwoch einen wichtigen Erfolg f\u00fcr die Sicherheit der Sch\u00fclerinnen und Sch\u00fcler der neu gegr\u00fcndeten Gesamtschule Knappenstra\u00dfe verbuchen k\u00f6nnen: Mit einer knappen Mehrheit&hellip; <\/p>\n","protected":false},"author":1,"featured_media":0,"comment_status":"closed","ping_status":"closed","sticky":false,"template":"","format":"standard","meta":{"footnotes":""},"categories":[3070,2,7],"tags":[2458,4234,2507,3778,4233,427,426,3644],"quellen":[326],"class_list":["post-11856","post","type-post","status-publish","format-standard","hentry","category-mobilitaet","category-schule","category-sicherheit","tag-5-gesamtschule","tag-fussgaengerueberweg","tag-neue-gesamtschule","tag-querungshilfe","tag-schulwegsicherheit","tag-tempo-30-zonen","tag-verkehrsberuhigung","tag-wehrstrasse","quellen-spd-fraktion-oberhausen"],"_links":{"self":[{"href":"https:\/\/meier-gerdingh.de\/wp-spd-ob\/wp-json\/wp\/v2\/posts\/11856","targetHints":{"allow":["GET"]}}],"collection":[{"href":"https:\/\/meier-gerdingh.de\/wp-spd-ob\/wp-json\/wp\/v2\/posts"}],"about":[{"href":"https:\/\/meier-gerdingh.de\/wp-spd-ob\/wp-json\/wp\/v2\/types\/post"}],"author":[{"embeddable":true,"href":"https:\/\/meier-gerdingh.de\/wp-spd-ob\/wp-json\/wp\/v2\/users\/1"}],"replies":[{"embeddable":true,"href":"https:\/\/meier-gerdingh.de\/wp-spd-ob\/wp-json\/wp\/v2\/comments?post=11856"}],"version-history":[{"count":0,"href":"https:\/\/meier-gerdingh.de\/wp-spd-ob\/wp-json\/wp\/v2\/posts\/11856\/revisions"}],"wp:attachment":[{"href":"https:\/\/meier-gerdingh.de\/wp-spd-ob\/wp-json\/wp\/v2\/media?parent=11856"}],"wp:term":[{"taxonomy":"category","embeddable":true,"href":"https:\/\/meier-gerdingh.de\/wp-spd-ob\/wp-json\/wp\/v2\/categories?post=11856"},{"taxonomy":"post_tag","embeddable":true,"href":"https:\/\/meier-gerdingh.de\/wp-spd-ob\/wp-json\/wp\/v2\/tags?post=11856"},{"taxonomy":"quellen","embeddable":true,"href":"https:\/\/meier-gerdingh.de\/wp-spd-ob\/wp-json\/wp\/v2\/quellen?post=11856"}],"curies":[{"name":"wp","href":"https:\/\/api.w.org\/{rel}","templated":true}]}}