{"id":11862,"date":"2024-11-07T17:49:05","date_gmt":"2024-11-07T16:49:05","guid":{"rendered":"https:\/\/meier-gerdingh.de\/wp-spd-ob\/?p=11862"},"modified":"2024-11-07T17:49:55","modified_gmt":"2024-11-07T16:49:55","slug":"nrw-familienministerium-verweigert-rettungspaket","status":"publish","type":"post","link":"https:\/\/meier-gerdingh.de\/wp-spd-ob\/2024\/11\/07\/nrw-familienministerium-verweigert-rettungspaket\/","title":{"rendered":"NRW-Familienministerium verweigert Rettungspaket"},"content":{"rendered":"<div id=\"attachment_9529\" style=\"width: 170px\" class=\"wp-caption alignleft\"><a href=\"https:\/\/meier-gerdingh.de\/wp-spd-ob\/wp-content\/uploads\/2022\/10\/zimkeit-stefan-22-lg.jpg\"><img aria-describedby=\"caption-attachment-9529\" decoding=\"async\" class=\"size-full wp-image-9529\" src=\"https:\/\/meier-gerdingh.de\/wp-spd-ob\/wp-content\/uploads\/2022\/10\/zimkeit-stefan-22.jpg\" alt=\"\" width=\"160\" height=\"200\" \/><\/a><p id=\"caption-attachment-9529\" class=\"wp-caption-text\">Stefan Zimkeit ist Landtagsabgeordneter f\u00fcr Oberhausen-Sterkrade und Dinslaken<\/p><\/div>\n<p>Die SPD hat beantragt, noch f\u00fcr dieses Jahr ein 180 Millionen Euro umfassendes Kita-Rettungspaket in den NRW-Nachtragshaushalt einzubringen. &#8222;Leider hat die CDU-Gr\u00fcnen-Koalition unseren Vorsto\u00df abgelehnt&#8220;, berichtet der SPD-Finanzexperte Stefan Zimkeit aus dem Haushaltsausschuss des Landtages. &#8222;F\u00fcr viele Kitas und Familien ist das eine dramatische Entscheidung. Denn die Insolvenz von Kita-Tr\u00e4gern ist nicht mehr ausgeschlossen&#8220;, sagt Zimkeit.<\/p>\n<p>&#8222;Erste Einrichtungen schlie\u00dfen zum Ende des Jahres, und an einigen Orten ist das Auslaufen insbesondere von kleineren Einrichtungen geplant, da sie nicht mehr wirtschaftlich zu betreiben sind.&#8220; Stefan Zimkeit wirft der Landesregierung vor, vor den Folgen f\u00fcr die betroffenen Kinder und deren Eltern die Augen zu verschlie\u00dfen. &#8222;Der Bedarf an Kindergartenpl\u00e4tzen kann vielerorts schon jetzt nicht mehr erf\u00fcllt werden.&#8220;<!--more--><\/p>\n<p>Die SPD hat in der Haushaltsausschusssitzungen auch auf die Warnung der Diakonie hingewiesen, dass ohne eine Budgetsteigerung bei einigen Tr\u00e4gern die Zahlungsunf\u00e4higkeit und \u00dcberschuldung droht. Aufgrund ausbleibender Zusagen des Landes seien auch die notwendigen Investitionen, etwa in energetische Sanierungen, Fachkraftoffensiven oder die Digitalisierung, aufgeschoben.<\/p>\n<p>&#8222;Die eh schon kritische Situation in vielen Kitas wird sich noch versch\u00e4rfen&#8220;, bef\u00fcrchtet Stefan Zimkeit, und das gelte auch f\u00fcr Dinslaken und Oberhausen. &#8222;Zumal nicht nur in diesem Jahr das Geld fehlt. Auch f\u00fcr 2025 sind die im schwarz-gr\u00fcnen Haushaltsentwurf vorgesehenen Mittel bei weiten nicht ausreichend.&#8220;<\/p>\n","protected":false},"excerpt":{"rendered":"<p>Die SPD hat beantragt, noch f\u00fcr dieses Jahr ein 180 Millionen Euro umfassendes Kita-Rettungspaket in den NRW-Nachtragshaushalt einzubringen. &#8222;Leider hat die CDU-Gr\u00fcnen-Koalition unseren Vorsto\u00df abgelehnt&#8220;, berichtet der SPD-Finanzexperte Stefan Zimkeit&hellip; <\/p>\n","protected":false},"author":1,"featured_media":0,"comment_status":"closed","ping_status":"closed","sticky":false,"template":"","format":"standard","meta":{"footnotes":""},"categories":[98,179,216],"tags":[1516,168,605,1577,3550,3461,165,565,1349],"quellen":[331],"class_list":["post-11862","post","type-post","status-publish","format-standard","hentry","category-finanzen","category-kinder-und-jugendliche","category-land","tag-diakonie","tag-kinderbetreuung","tag-kindergaerten","tag-kindergartenplaetze","tag-kita-rettungspaket","tag-kita-traeger","tag-kitas","tag-landeshaushalt","tag-nrw-nachtragshaushalt","quellen-mdl-stefan-zimkeit"],"_links":{"self":[{"href":"https:\/\/meier-gerdingh.de\/wp-spd-ob\/wp-json\/wp\/v2\/posts\/11862","targetHints":{"allow":["GET"]}}],"collection":[{"href":"https:\/\/meier-gerdingh.de\/wp-spd-ob\/wp-json\/wp\/v2\/posts"}],"about":[{"href":"https:\/\/meier-gerdingh.de\/wp-spd-ob\/wp-json\/wp\/v2\/types\/post"}],"author":[{"embeddable":true,"href":"https:\/\/meier-gerdingh.de\/wp-spd-ob\/wp-json\/wp\/v2\/users\/1"}],"replies":[{"embeddable":true,"href":"https:\/\/meier-gerdingh.de\/wp-spd-ob\/wp-json\/wp\/v2\/comments?post=11862"}],"version-history":[{"count":0,"href":"https:\/\/meier-gerdingh.de\/wp-spd-ob\/wp-json\/wp\/v2\/posts\/11862\/revisions"}],"wp:attachment":[{"href":"https:\/\/meier-gerdingh.de\/wp-spd-ob\/wp-json\/wp\/v2\/media?parent=11862"}],"wp:term":[{"taxonomy":"category","embeddable":true,"href":"https:\/\/meier-gerdingh.de\/wp-spd-ob\/wp-json\/wp\/v2\/categories?post=11862"},{"taxonomy":"post_tag","embeddable":true,"href":"https:\/\/meier-gerdingh.de\/wp-spd-ob\/wp-json\/wp\/v2\/tags?post=11862"},{"taxonomy":"quellen","embeddable":true,"href":"https:\/\/meier-gerdingh.de\/wp-spd-ob\/wp-json\/wp\/v2\/quellen?post=11862"}],"curies":[{"name":"wp","href":"https:\/\/api.w.org\/{rel}","templated":true}]}}