{"id":11869,"date":"2024-11-12T18:30:09","date_gmt":"2024-11-12T17:30:09","guid":{"rendered":"https:\/\/meier-gerdingh.de\/wp-spd-ob\/?p=11869"},"modified":"2024-11-12T18:30:09","modified_gmt":"2024-11-12T17:30:09","slug":"oberbuergermeister-muss-handeln","status":"publish","type":"post","link":"https:\/\/meier-gerdingh.de\/wp-spd-ob\/2024\/11\/12\/oberbuergermeister-muss-handeln\/","title":{"rendered":"Oberb\u00fcrgermeister muss handeln"},"content":{"rendered":"<div id=\"attachment_11867\" style=\"width: 250px\" class=\"wp-caption alignleft\"><a href=\"https:\/\/meier-gerdingh.de\/wp-spd-ob\/wp-content\/uploads\/2024\/11\/thorsten-berg-portrait-lg.jpg\"><img aria-describedby=\"caption-attachment-11867\" decoding=\"async\" class=\"size-full wp-image-11867\" src=\"https:\/\/meier-gerdingh.de\/wp-spd-ob\/wp-content\/uploads\/2024\/11\/thorsten-berg-portrait.jpg\" alt=\"\" width=\"240\" height=\"360\" srcset=\"https:\/\/meier-gerdingh.de\/wp-spd-ob\/wp-content\/uploads\/2024\/11\/thorsten-berg-portrait.jpg 240w, https:\/\/meier-gerdingh.de\/wp-spd-ob\/wp-content\/uploads\/2024\/11\/thorsten-berg-portrait-200x300.jpg 200w\" sizes=\"(max-width: 240px) 100vw, 240px\" \/><\/a><p id=\"caption-attachment-11867\" class=\"wp-caption-text\">Tritt wieder als Oberb\u00fcrgermeister-Kandidat der Oberhausener SPD an: Thorsten Berg<\/p><\/div>\n<p>&#8222;Das Wohnen in unserer Stadt darf nicht \u00fcberm\u00e4\u00dfig besteuert werden&#8220;, sagt Thorsten Berg (SPD). &#8222;Der Oberb\u00fcrgermeister darf sich da nicht aus seiner Verantwortung stehlen und muss Stellung beziehen&#8220;, protestiert Berg gegen den Plan der Stadtspitze, dem Rat zwei verschieden Vorschl\u00e4ge zu machen. &#8222;Wir brauchen unterschiedliche Grundsteuer-Hebes\u00e4tze f\u00fcr Wohn- und Gewerbegrundst\u00fccke&#8220;, legt sich der designierte SPD-Oberb\u00fcrgermeisterkandidat fest.<\/p>\n<p>&#8222;Daniel Schranz m\u00f6chte aus der Verantwortung fl\u00fcchten, nachdem Ministerpr\u00e4sident Hendrick W\u00fcst das gleiche getan hat. Weil W\u00fcst und seine schwarz-gr\u00fcne Koalition sich geweigert haben, mit einem landesweit geltenden Berechnungsmodell f\u00fcr Gerechtigkeit zu sorgen, hat er die Verantwortung und die rechtlichen Risiken auf die St\u00e4dte abgew\u00e4lzt&#8220;, stellt Thorsten Berg fest.<!--more--><\/p>\n<p>&#8222;Andere Bundesl\u00e4nder haben das l\u00e4ngst geregelt.&#8220; Denn es d\u00fcrfe nicht sein, dass Gewerbegrundst\u00fccke bei der Grundsteuer entlastet werden, w\u00e4hrend die Eigent\u00fcmer von Wohnh\u00e4usern sowie die Mieterinnen und Mieter \u00fcberm\u00e4\u00dfig belastet werden. &#8222;Diese klare Haltung verlange ich auch von einem Oberb\u00fcrgermeister in unserer Stadt&#8220;, so Berg, damit die Menschen in Oberhausen nicht die Leidtragenden sind&#8220;.<\/p>\n","protected":false},"excerpt":{"rendered":"<p>&#8222;Das Wohnen in unserer Stadt darf nicht \u00fcberm\u00e4\u00dfig besteuert werden&#8220;, sagt Thorsten Berg (SPD). &#8222;Der Oberb\u00fcrgermeister darf sich da nicht aus seiner Verantwortung stehlen und muss Stellung beziehen&#8220;, protestiert Berg&hellip; <\/p>\n","protected":false},"author":1,"featured_media":0,"comment_status":"closed","ping_status":"closed","sticky":false,"template":"","format":"standard","meta":{"footnotes":""},"categories":[98],"tags":[4257,814,3236,4160,251,4224,2453,2323,4258],"quellen":[327],"class_list":["post-11869","post","type-post","status-publish","format-standard","hentry","category-finanzen","tag-gewerbegrundstuecke","tag-grundsteuer","tag-grundsteuerreform","tag-hebesatz-splitting","tag-ob-kandidat","tag-spd-ob-kandidat","tag-spd-oberbuergermeisterkandidat","tag-thorsten-berg","tag-wohngrundstuecke","quellen-spd-unterbezirk-oberhausen"],"_links":{"self":[{"href":"https:\/\/meier-gerdingh.de\/wp-spd-ob\/wp-json\/wp\/v2\/posts\/11869","targetHints":{"allow":["GET"]}}],"collection":[{"href":"https:\/\/meier-gerdingh.de\/wp-spd-ob\/wp-json\/wp\/v2\/posts"}],"about":[{"href":"https:\/\/meier-gerdingh.de\/wp-spd-ob\/wp-json\/wp\/v2\/types\/post"}],"author":[{"embeddable":true,"href":"https:\/\/meier-gerdingh.de\/wp-spd-ob\/wp-json\/wp\/v2\/users\/1"}],"replies":[{"embeddable":true,"href":"https:\/\/meier-gerdingh.de\/wp-spd-ob\/wp-json\/wp\/v2\/comments?post=11869"}],"version-history":[{"count":0,"href":"https:\/\/meier-gerdingh.de\/wp-spd-ob\/wp-json\/wp\/v2\/posts\/11869\/revisions"}],"wp:attachment":[{"href":"https:\/\/meier-gerdingh.de\/wp-spd-ob\/wp-json\/wp\/v2\/media?parent=11869"}],"wp:term":[{"taxonomy":"category","embeddable":true,"href":"https:\/\/meier-gerdingh.de\/wp-spd-ob\/wp-json\/wp\/v2\/categories?post=11869"},{"taxonomy":"post_tag","embeddable":true,"href":"https:\/\/meier-gerdingh.de\/wp-spd-ob\/wp-json\/wp\/v2\/tags?post=11869"},{"taxonomy":"quellen","embeddable":true,"href":"https:\/\/meier-gerdingh.de\/wp-spd-ob\/wp-json\/wp\/v2\/quellen?post=11869"}],"curies":[{"name":"wp","href":"https:\/\/api.w.org\/{rel}","templated":true}]}}