{"id":11872,"date":"2024-11-13T18:24:05","date_gmt":"2024-11-13T17:24:05","guid":{"rendered":"https:\/\/meier-gerdingh.de\/wp-spd-ob\/?p=11872"},"modified":"2024-11-14T11:07:55","modified_gmt":"2024-11-14T10:07:55","slug":"protest-gegen-die-sozialen-einschnitte-in-nrw","status":"publish","type":"post","link":"https:\/\/meier-gerdingh.de\/wp-spd-ob\/2024\/11\/13\/protest-gegen-die-sozialen-einschnitte-in-nrw\/","title":{"rendered":"Protest gegen die sozialen Einschnitte in NRW"},"content":{"rendered":"<div id=\"attachment_11870\" style=\"width: 710px\" class=\"wp-caption aligncenter\"><a href=\"https:\/\/meier-gerdingh.de\/wp-spd-ob\/wp-content\/uploads\/2024\/11\/protest-gegen-sozialkuerzungen-24-11-13-lg.jpg\"><img aria-describedby=\"caption-attachment-11870\" decoding=\"async\" class=\"size-full wp-image-11870\" src=\"https:\/\/meier-gerdingh.de\/wp-spd-ob\/wp-content\/uploads\/2024\/11\/protest-gegen-sozialkuerzungen-24-11-13.jpg\" alt=\"\" width=\"700\" height=\"467\" srcset=\"https:\/\/meier-gerdingh.de\/wp-spd-ob\/wp-content\/uploads\/2024\/11\/protest-gegen-sozialkuerzungen-24-11-13.jpg 700w, https:\/\/meier-gerdingh.de\/wp-spd-ob\/wp-content\/uploads\/2024\/11\/protest-gegen-sozialkuerzungen-24-11-13-300x200.jpg 300w\" sizes=\"(max-width: 700px) 100vw, 700px\" \/><\/a><p id=\"caption-attachment-11870\" class=\"wp-caption-text\">Auch der designierte SPD-OB-Kandidat Thorsten Berg demonstrierte heute in D\u00fcsseldorf (Quelle: B\u00fcro Zimkeit)<\/p><\/div>\n<p>Thorsten Berg (SPD) geh\u00f6rte zu den mehreren hundert Teilnehmenden aus Oberhausen, die auf der D\u00fcsseldorfer Rheinwiese gegen die Sparpolitik der Landesregierung demonstriert haben. &#8222;Trotz eines Rekordhaushalts m\u00f6chte Ministerpr\u00e4sident W\u00fcst ab dem kommenden Jahr erhebliche Einschnitte im Sozialbereich vornehmen&#8220;, sagte der designierte Oberb\u00fcrgermeisterkandidat.<\/p>\n<p>&#8222;Die geplanten K\u00fcrzungen bei Armutsbek\u00e4mpfung, Pflege und Beratungsstellungen werden f\u00fcr Oberhausen erhebliche Folgen haben&#8220;, prognostiziert Berg. &#8222;Ich w\u00fcnsche mir, dass hier die Stadt und ihr amtierender Oberb\u00fcrgermeister ihren Einfluss in D\u00fcsseldorf geltend machen, damit die Sparpl\u00e4ne zur\u00fcckgenommen werden. Denn mit den finanziellen und sozialen Folgen dieser Einschnitte haben anschlie\u00dfend die Kommunen zu k\u00e4mpfen&#8220;, so Berg. &#8222;Oberb\u00fcrgermeister Schranz muss klar sein, dass die Stadt einspringen und die von den Landesk\u00fcrzungen betroffenen Sozialverb\u00e4nde finanziell unterst\u00fctzen m\u00fcsste.&#8220;<!--more--><\/p>\n<p>Die Oberhausener Landtagsabgeordneten Sonja Bongers, Frederick Cordes und Stefan Zimkeit haben sich am Rande der von AWO, Caritas, Diakonie und weiteren Wohlfahrtsverb\u00e4nden organisierten Gro\u00dfkundgebung den Aussagen von Thorsten Berg angeschlossen. Sie warnten davor, dass die schwarz-gr\u00fcnen Sparma\u00dfnahmen desastr\u00f6se Folgen f\u00fcr den sozialen Zusammenhalt in NRW h\u00e4tten.<\/p>\n<p>Bongers, Cordes und Zimkeit k\u00fcndigten an, dass die SPD im Landtag die R\u00fccknahme der schwarz-gr\u00fcnen K\u00fcrzungsvorschl\u00e4ge beantragen wird. Sie werden dabei ein ganz besonderes Augenmerk auf die Bereiche haben, die Oberhausen im besonderen Ma\u00dfe betreffen.<\/p>\n","protected":false},"excerpt":{"rendered":"<p>Thorsten Berg (SPD) geh\u00f6rte zu den mehreren hundert Teilnehmenden aus Oberhausen, die auf der D\u00fcsseldorfer Rheinwiese gegen die Sparpolitik der Landesregierung demonstriert haben. &#8222;Trotz eines Rekordhaushalts m\u00f6chte Ministerpr\u00e4sident W\u00fcst ab&hellip; <\/p>\n","protected":false},"author":1,"featured_media":0,"comment_status":"closed","ping_status":"closed","sticky":false,"template":"","format":"standard","meta":{"footnotes":""},"categories":[174,216],"tags":[1135,1515,1516,4259,251,3695,1842,4260,4224,2453,2323,1784],"quellen":[2806,1317,331],"class_list":["post-11872","post","type-post","status-publish","format-standard","hentry","category-arbeit-und-soziales","category-land","tag-awo","tag-caritas","tag-diakonie","tag-kuerzungen-sozialbereich","tag-ob-kandidat","tag-sozialtraeger","tag-sozialverbaende","tag-sparplaene-der-landesregierung","tag-spd-ob-kandidat","tag-spd-oberbuergermeisterkandidat","tag-thorsten-berg","tag-wohlfahrtsverbaende","quellen-mdl-frederick-cordes","quellen-mdl-sonja-bongers","quellen-mdl-stefan-zimkeit"],"_links":{"self":[{"href":"https:\/\/meier-gerdingh.de\/wp-spd-ob\/wp-json\/wp\/v2\/posts\/11872","targetHints":{"allow":["GET"]}}],"collection":[{"href":"https:\/\/meier-gerdingh.de\/wp-spd-ob\/wp-json\/wp\/v2\/posts"}],"about":[{"href":"https:\/\/meier-gerdingh.de\/wp-spd-ob\/wp-json\/wp\/v2\/types\/post"}],"author":[{"embeddable":true,"href":"https:\/\/meier-gerdingh.de\/wp-spd-ob\/wp-json\/wp\/v2\/users\/1"}],"replies":[{"embeddable":true,"href":"https:\/\/meier-gerdingh.de\/wp-spd-ob\/wp-json\/wp\/v2\/comments?post=11872"}],"version-history":[{"count":0,"href":"https:\/\/meier-gerdingh.de\/wp-spd-ob\/wp-json\/wp\/v2\/posts\/11872\/revisions"}],"wp:attachment":[{"href":"https:\/\/meier-gerdingh.de\/wp-spd-ob\/wp-json\/wp\/v2\/media?parent=11872"}],"wp:term":[{"taxonomy":"category","embeddable":true,"href":"https:\/\/meier-gerdingh.de\/wp-spd-ob\/wp-json\/wp\/v2\/categories?post=11872"},{"taxonomy":"post_tag","embeddable":true,"href":"https:\/\/meier-gerdingh.de\/wp-spd-ob\/wp-json\/wp\/v2\/tags?post=11872"},{"taxonomy":"quellen","embeddable":true,"href":"https:\/\/meier-gerdingh.de\/wp-spd-ob\/wp-json\/wp\/v2\/quellen?post=11872"}],"curies":[{"name":"wp","href":"https:\/\/api.w.org\/{rel}","templated":true}]}}