{"id":11873,"date":"2024-11-13T11:19:59","date_gmt":"2024-11-13T10:19:59","guid":{"rendered":"https:\/\/meier-gerdingh.de\/wp-spd-ob\/?p=11873"},"modified":"2024-11-14T11:21:57","modified_gmt":"2024-11-14T10:21:57","slug":"schwarz-gruen-muss-bei-der-fachkraeftesicherung-deutlich-nachlegen","status":"publish","type":"post","link":"https:\/\/meier-gerdingh.de\/wp-spd-ob\/2024\/11\/13\/schwarz-gruen-muss-bei-der-fachkraeftesicherung-deutlich-nachlegen\/","title":{"rendered":"Schwarz-Gr\u00fcn muss bei der Fachkr\u00e4ftesicherung deutlich nachlegen"},"content":{"rendered":"<p><a href=\"https:\/\/meier-gerdingh.de\/wp-spd-ob\/wp-content\/uploads\/2023\/03\/banner-diese-woche-im-landtag-01.jpg\"><img decoding=\"async\" class=\"aligncenter size-full wp-image-10267\" src=\"https:\/\/meier-gerdingh.de\/wp-spd-ob\/wp-content\/uploads\/2023\/03\/banner-diese-woche-im-landtag-01.jpg\" alt=\"\" width=\"700\" height=\"258\" srcset=\"https:\/\/meier-gerdingh.de\/wp-spd-ob\/wp-content\/uploads\/2023\/03\/banner-diese-woche-im-landtag-01.jpg 700w, https:\/\/meier-gerdingh.de\/wp-spd-ob\/wp-content\/uploads\/2023\/03\/banner-diese-woche-im-landtag-01-300x111.jpg 300w\" sizes=\"(max-width: 700px) 100vw, 700px\" \/><\/a>Nordrhein-Westfalen hat viele Probleme. Eins davon ist der Fachkr\u00e4ftemangel. &#8222;Die Landesregierung muss endlich handeln sonst versch\u00e4rft sich die Situation auf dem Arbeitsmarkt zus\u00e4tzlich. Ein Blick heute am 13. November zeigt deutlich, dass die Landesregierung ihrem Auftrag nicht mehr nachkommt. Da drau\u00dfen demonstrieren mehr als 30.000 Menschen gegen die Sparpl\u00e4ne des Ministerpr\u00e4sidenten. Diese Leute sind in den Bereichen t\u00e4tig, die eine gut funktionierende Gesellschaft ben\u00f6tigt und die gerade in vielen arbeitsmarkttechnischen Berufsfeldern unterwegs sind&#8220;, sagt die SPD-Landtagsabgeordnete Sonja Bongers.<!--more--><\/p>\n<h3 class=\"spd-ob-crossheading\">Nachwuchs fehlt \u2013 Ideen fehlen<\/h3>\n<p>Bereits heute verzeichnet NRW laut Erhebungen der IHK ein Defizit von \u00fcber 400.000 Fachkr\u00e4ften. Der Fachkr\u00e4ftemangel wird sich durch die demografische Entwicklung zuk\u00fcnftig noch weiter versch\u00e4rfen. 1,6 Millionen sozialversicherungspflichtige Besch\u00e4ftigte werden in den kommenden zehn Jahren in den Ruhestand gehen. Bei einem Gro\u00dfteil, rund 900.000 Menschen, handelt es sich um Fachkr\u00e4fte mit einer dualen Berufsausbildung.<\/p>\n<p>Diese L\u00fccke l\u00e4sst sich nicht allein durch die arbeitslosen Menschen in NRW schlie\u00dfen, zumal die Passung von freien Stellen und Profil der arbeitslosen Menschen nicht immer stimmig ist. In vielen Berufen gibt es bereits heute weniger Arbeitskr\u00e4fte als freie Arbeitsstellen.<\/p>\n<p>&#8222;Wir brauchen jetzt verschiedene Initiativen, um die Trendwende zu schaffen. So muss die berufliche Bildung gest\u00e4rkt werden, um junge Menschen beim Weg in den Arbeitsmarkt zu unterst\u00fctzen. F\u00fcr Frauen muss der Eintritt in den Beruf erleichtert werden. Daf\u00fcr brauchen wir Angebote der fr\u00fchkindlichen Bildung und ein Ausbau der OGS. Dazu kommt noch mehr Flexibilit\u00e4t bei den Arbeitszeiten und mehr Tarifbindung, um Lohndumping zu verhindern&#8220;, so Bongers weiter.<\/p>\n<h3 class=\"spd-ob-crossheading\">Schnellere Anerkennung von Abschl\u00fcssen<\/h3>\n<p>Zudem schl\u00e4gt die SPD-Rechtsexpertin vor, eine schnellere Integration in den Arbeitsmarkt zu erm\u00f6glichen. &#8222;Wir brauchen z\u00fcgigere Verfahren zur Anerkennung von Bildungs- und Berufsabschl\u00fcssen. Dazu m\u00fcssen Langzeitarbeitslose besser in das Erwerbsleben eingebunden werden. Der soziale Arbeitsmarkt biete hier M\u00f6glichkeiten.&#8220;<\/p>\n","protected":false},"excerpt":{"rendered":"<p>Nordrhein-Westfalen hat viele Probleme. Eins davon ist der Fachkr\u00e4ftemangel. &#8222;Die Landesregierung muss endlich handeln sonst versch\u00e4rft sich die Situation auf dem Arbeitsmarkt zus\u00e4tzlich. Ein Blick heute am 13. November zeigt&hellip; <\/p>\n","protected":false},"author":1,"featured_media":0,"comment_status":"closed","ping_status":"closed","sticky":false,"template":"","format":"standard","meta":{"footnotes":""},"categories":[174,4120,216],"tags":[18,760,4261,762,4262,742,740],"quellen":[1317],"class_list":["post-11873","post","type-post","status-publish","format-standard","hentry","category-arbeit-und-soziales","category-die-woche-im-landtag","category-land","tag-arbeitsmarkt","tag-ausbildung","tag-berufliche-bildung","tag-fachkraeftemangel","tag-fachkraeftesicherung","tag-langzeitarbeitslose","tag-sozialer-arbeitsmarkt","quellen-mdl-sonja-bongers"],"_links":{"self":[{"href":"https:\/\/meier-gerdingh.de\/wp-spd-ob\/wp-json\/wp\/v2\/posts\/11873","targetHints":{"allow":["GET"]}}],"collection":[{"href":"https:\/\/meier-gerdingh.de\/wp-spd-ob\/wp-json\/wp\/v2\/posts"}],"about":[{"href":"https:\/\/meier-gerdingh.de\/wp-spd-ob\/wp-json\/wp\/v2\/types\/post"}],"author":[{"embeddable":true,"href":"https:\/\/meier-gerdingh.de\/wp-spd-ob\/wp-json\/wp\/v2\/users\/1"}],"replies":[{"embeddable":true,"href":"https:\/\/meier-gerdingh.de\/wp-spd-ob\/wp-json\/wp\/v2\/comments?post=11873"}],"version-history":[{"count":0,"href":"https:\/\/meier-gerdingh.de\/wp-spd-ob\/wp-json\/wp\/v2\/posts\/11873\/revisions"}],"wp:attachment":[{"href":"https:\/\/meier-gerdingh.de\/wp-spd-ob\/wp-json\/wp\/v2\/media?parent=11873"}],"wp:term":[{"taxonomy":"category","embeddable":true,"href":"https:\/\/meier-gerdingh.de\/wp-spd-ob\/wp-json\/wp\/v2\/categories?post=11873"},{"taxonomy":"post_tag","embeddable":true,"href":"https:\/\/meier-gerdingh.de\/wp-spd-ob\/wp-json\/wp\/v2\/tags?post=11873"},{"taxonomy":"quellen","embeddable":true,"href":"https:\/\/meier-gerdingh.de\/wp-spd-ob\/wp-json\/wp\/v2\/quellen?post=11873"}],"curies":[{"name":"wp","href":"https:\/\/api.w.org\/{rel}","templated":true}]}}