{"id":11874,"date":"2024-11-13T11:22:06","date_gmt":"2024-11-13T10:22:06","guid":{"rendered":"https:\/\/meier-gerdingh.de\/wp-spd-ob\/?p=11874"},"modified":"2024-11-14T11:23:58","modified_gmt":"2024-11-14T10:23:58","slug":"schwarz-gruene-landesregierung-hat-offenbar-kein-interesse-an-zusammenhalt-der-gesellschaft","status":"publish","type":"post","link":"https:\/\/meier-gerdingh.de\/wp-spd-ob\/2024\/11\/13\/schwarz-gruene-landesregierung-hat-offenbar-kein-interesse-an-zusammenhalt-der-gesellschaft\/","title":{"rendered":"Schwarz-gr\u00fcne Landesregierung hat offenbar kein Interesse an Zusammenhalt der Gesellschaft"},"content":{"rendered":"<p><a href=\"https:\/\/meier-gerdingh.de\/wp-spd-ob\/wp-content\/uploads\/2023\/03\/banner-diese-woche-im-landtag-01.jpg\"><img decoding=\"async\" class=\"aligncenter size-full wp-image-10267\" src=\"https:\/\/meier-gerdingh.de\/wp-spd-ob\/wp-content\/uploads\/2023\/03\/banner-diese-woche-im-landtag-01.jpg\" alt=\"\" width=\"700\" height=\"258\" srcset=\"https:\/\/meier-gerdingh.de\/wp-spd-ob\/wp-content\/uploads\/2023\/03\/banner-diese-woche-im-landtag-01.jpg 700w, https:\/\/meier-gerdingh.de\/wp-spd-ob\/wp-content\/uploads\/2023\/03\/banner-diese-woche-im-landtag-01-300x111.jpg 300w\" sizes=\"(max-width: 700px) 100vw, 700px\" \/><\/a>Mehr als 30.000 Menschen aus der Mitte der Gesellschaft haben vor dem Landtag gegen die Sparpl\u00e4ne der Landesregierung demonstriert. Die Einsparungen treffen fast alles Sparten und besonders des Sozialbereich. F\u00fcr die SPD-Landtagsabgeordnete Sonja Bongers ist das quasi ein Bankrott der Regierung. &#8222;Das waren schon sehr viele Menschen und die sind ja auch nur repr\u00e4sentativ hier. Da sind ja noch diejenigen, die die Kitas, Altenheime, Ganztage etc. am Laufen halten und jetzt nicht hier sein k\u00f6nnen, sonst w\u00e4re das noch viel mehr&#8220;, sagt Bongers.<!--more--><\/p>\n<h3 class=\"spd-ob-crossheading\">Gr\u00fcne abgehalftert<\/h3>\n<p>Besonders entt\u00e4uscht ist Bongers von den Gr\u00fcnen in der Landesregierung. &#8222;Von der CDU ist ja in diesen Themenfeldern noch nie viel zu erwarten gewesen. Das Soziale endet bei denen im Sch\u00fctzen- oder J\u00e4gerverein auf dem Land in ihren Hochburgen. Aber dass die Gr\u00fcnen innerhalb von so kurzer Zeit diese Politik mitmachen und das auch noch als ger\u00e4uschlos verkaufen wollen, macht einen schon sprachlos. Ich denke es ist das Manko der NRW-Gr\u00fcnen. Teile von ihnen sind derma\u00dfen machtversessen. Dabei kann man auch in einer CDU-gef\u00fchrten Regierung gute Politik machen. Ein Blick nach Schleswig-Holstein beweist es. Doch die Gr\u00fcnen hier k\u00f6nnen da nicht mithalten&#8220;, ist Bongers entt\u00e4uscht.<\/p>\n<h3 class=\"spd-ob-crossheading\">Der L\u00e4chler l\u00f6st keine Probleme, er ist eins<\/h3>\n<p>Vor allem die Masse an Einsparungen regt Bongers auf. &#8222;Diese Giftliste der Einsparungen zerfleddert unsere Gesellschaft. Ich will das so klar sagen. Es besteht gar kein Interesse daran, vern\u00fcnftige Politik zu machen und die Probleme zu l\u00f6sen oder wenigstens anzugehen. Der Ministerpr\u00e4sident dieses Landes ist in einer Dauer-PR-Schleife und liebt es lieber Preise zu verleihen, bei Vereidigungen anwesend zu sein oder das ausl\u00e4ndische diplomatische Personal zu begr\u00fc\u00dfen. Die wichtigen Dinge blendet er aus und bekommt daf\u00fcr die R\u00fcckendeckung des Koalitionspartners. Das ist ganz \u00fcbel und dich kann die Leute nicht verstehen, die in ihm jemanden sehen, der ihnen hilft angemessen durch das Leben zu kommen. So sch\u00fcren wir die Politikverdrossenheit. Aber die wird Herr W\u00fcst mit seinem Hamburg-Mannheimer-Dauergrinsen in der n\u00e4chsten Talkshow oder auf Instagram schon wegl\u00e4cheln.&#8220;<\/p>\n","protected":false},"excerpt":{"rendered":"<p>Mehr als 30.000 Menschen aus der Mitte der Gesellschaft haben vor dem Landtag gegen die Sparpl\u00e4ne der Landesregierung demonstriert. Die Einsparungen treffen fast alles Sparten und besonders des Sozialbereich. F\u00fcr&hellip; <\/p>\n","protected":false},"author":1,"featured_media":0,"comment_status":"closed","ping_status":"closed","sticky":false,"template":"","format":"standard","meta":{"footnotes":""},"categories":[174,4120,216],"tags":[4259,3695,1842,4260,1784],"quellen":[1317],"class_list":["post-11874","post","type-post","status-publish","format-standard","hentry","category-arbeit-und-soziales","category-die-woche-im-landtag","category-land","tag-kuerzungen-sozialbereich","tag-sozialtraeger","tag-sozialverbaende","tag-sparplaene-der-landesregierung","tag-wohlfahrtsverbaende","quellen-mdl-sonja-bongers"],"_links":{"self":[{"href":"https:\/\/meier-gerdingh.de\/wp-spd-ob\/wp-json\/wp\/v2\/posts\/11874","targetHints":{"allow":["GET"]}}],"collection":[{"href":"https:\/\/meier-gerdingh.de\/wp-spd-ob\/wp-json\/wp\/v2\/posts"}],"about":[{"href":"https:\/\/meier-gerdingh.de\/wp-spd-ob\/wp-json\/wp\/v2\/types\/post"}],"author":[{"embeddable":true,"href":"https:\/\/meier-gerdingh.de\/wp-spd-ob\/wp-json\/wp\/v2\/users\/1"}],"replies":[{"embeddable":true,"href":"https:\/\/meier-gerdingh.de\/wp-spd-ob\/wp-json\/wp\/v2\/comments?post=11874"}],"version-history":[{"count":0,"href":"https:\/\/meier-gerdingh.de\/wp-spd-ob\/wp-json\/wp\/v2\/posts\/11874\/revisions"}],"wp:attachment":[{"href":"https:\/\/meier-gerdingh.de\/wp-spd-ob\/wp-json\/wp\/v2\/media?parent=11874"}],"wp:term":[{"taxonomy":"category","embeddable":true,"href":"https:\/\/meier-gerdingh.de\/wp-spd-ob\/wp-json\/wp\/v2\/categories?post=11874"},{"taxonomy":"post_tag","embeddable":true,"href":"https:\/\/meier-gerdingh.de\/wp-spd-ob\/wp-json\/wp\/v2\/tags?post=11874"},{"taxonomy":"quellen","embeddable":true,"href":"https:\/\/meier-gerdingh.de\/wp-spd-ob\/wp-json\/wp\/v2\/quellen?post=11874"}],"curies":[{"name":"wp","href":"https:\/\/api.w.org\/{rel}","templated":true}]}}