{"id":11875,"date":"2024-11-14T11:25:50","date_gmt":"2024-11-14T10:25:50","guid":{"rendered":"https:\/\/meier-gerdingh.de\/wp-spd-ob\/?p=11875"},"modified":"2024-11-14T11:25:50","modified_gmt":"2024-11-14T10:25:50","slug":"die-landesregierung-muss-die-neuesten-ergebnisse-der-forsa-umfrage-der-schulleitungen-in-nrw-ernst-nehmen","status":"publish","type":"post","link":"https:\/\/meier-gerdingh.de\/wp-spd-ob\/2024\/11\/14\/die-landesregierung-muss-die-neuesten-ergebnisse-der-forsa-umfrage-der-schulleitungen-in-nrw-ernst-nehmen\/","title":{"rendered":"Die Landesregierung muss die neuesten Ergebnisse der Forsa-Umfrage der Schulleitungen in NRW ernst nehmen"},"content":{"rendered":"<p><a href=\"https:\/\/meier-gerdingh.de\/wp-spd-ob\/wp-content\/uploads\/2023\/03\/banner-diese-woche-im-landtag-01.jpg\"><img decoding=\"async\" class=\"aligncenter size-full wp-image-10267\" src=\"https:\/\/meier-gerdingh.de\/wp-spd-ob\/wp-content\/uploads\/2023\/03\/banner-diese-woche-im-landtag-01.jpg\" alt=\"\" width=\"700\" height=\"258\" srcset=\"https:\/\/meier-gerdingh.de\/wp-spd-ob\/wp-content\/uploads\/2023\/03\/banner-diese-woche-im-landtag-01.jpg 700w, https:\/\/meier-gerdingh.de\/wp-spd-ob\/wp-content\/uploads\/2023\/03\/banner-diese-woche-im-landtag-01-300x111.jpg 300w\" sizes=\"(max-width: 700px) 100vw, 700px\" \/><\/a>NRWs Schulleitungen sind weiterhin unzufrieden mit der Arbeit der Landesregierung. 42 Prozent der befragten Schulleitungen bewerteten die Arbeit von Schulministerin Feller demnach als &#8222;mangelhaft&#8220; oder &#8222;ungen\u00fcgend. &#8222;Wer k\u00f6nnte die nordrhein-westf\u00e4lische Schulpolitik besser bewerten als die Schulleitungen, die das Herzst\u00fcck einer jeden Schule darstellen und den Schulalltag trotz Personal- und Ressourcenmangels jeden Tag aufs Neue am Laufen halten&#8220;, erkl\u00e4rt die SPD-Landtagsabgeordnete Sonja Bongers.<!--more--><\/p>\n<h3 class=\"spd-ob-crossheading\">Digitalisierung?<\/h3>\n<p>Die Forsa-Umfrage best\u00e4tigte erneut, wie gro\u00df die Belastungen und Defizite im Schulsystem sind. So verf\u00fcgen derzeit mehr als 330 Schulen trotz der Ausstattungsoffensiven der letzten Jahre noch immer nicht \u00fcber digitale Endger\u00e4te. Der Zustand der Geb\u00e4ude und R\u00e4ume wird von einem Drittel der Befragten als problematisch gesehen. Auch mit Blick auf die Umsetzung des Ganztagsrechtsanspruchs ab 2026 sehen die Erfolgsaussichten nach Meinung der Grundschulleitungen nicht rosig aus: 52 Prozent der Grundschulleitungen gehen davon aus, dass ihnen das Personal und die R\u00e4umlichkeiten zur Gew\u00e4hrleistung der Ganztagsbetreuung fehlen werden.<\/p>\n<h3 class=\"spd-ob-crossheading\">Lehrkr\u00e4ftemangel \u2013 kein neues Thema<\/h3>\n<p>Als gr\u00f6\u00dfte Herausforderung wird auch in diesem Jahr der Lehrkr\u00e4ftemangel gesehen. In NRW gaben 69 Prozent der befragten Schulleitungen an, dass sie vom Fachkr\u00e4ftemangel betroffen seien. &#8222;Das sind alles Probleme die ja nicht neu sind. Seit Jahren wird dar\u00fcber diskutiert aber nichts passiert. Ganz im Gegenteil die Sparpl\u00e4ne des Herrn W\u00fcst, werden die Situation noch versch\u00e4rfen&#8220;, so Bongers weiter.<\/p>\n","protected":false},"excerpt":{"rendered":"<p>NRWs Schulleitungen sind weiterhin unzufrieden mit der Arbeit der Landesregierung. 42 Prozent der befragten Schulleitungen bewerteten die Arbeit von Schulministerin Feller demnach als &#8222;mangelhaft&#8220; oder &#8222;ungen\u00fcgend. &#8222;Wer k\u00f6nnte die nordrhein-westf\u00e4lische&hellip; <\/p>\n","protected":false},"author":1,"featured_media":0,"comment_status":"closed","ping_status":"closed","sticky":false,"template":"","format":"standard","meta":{"footnotes":""},"categories":[231,4120,2],"tags":[4263,3118,3630,4264,799,2990,2793,4260],"quellen":[1317],"class_list":["post-11875","post","type-post","status-publish","format-standard","hentry","category-bildung","category-die-woche-im-landtag","category-schule","tag-forsa","tag-ganztag","tag-ganztagsbetreuung","tag-ganztagsrechtsanspruch","tag-grundschulen","tag-lehrkraeftemangel","tag-schulleitungen","tag-sparplaene-der-landesregierung","quellen-mdl-sonja-bongers"],"_links":{"self":[{"href":"https:\/\/meier-gerdingh.de\/wp-spd-ob\/wp-json\/wp\/v2\/posts\/11875","targetHints":{"allow":["GET"]}}],"collection":[{"href":"https:\/\/meier-gerdingh.de\/wp-spd-ob\/wp-json\/wp\/v2\/posts"}],"about":[{"href":"https:\/\/meier-gerdingh.de\/wp-spd-ob\/wp-json\/wp\/v2\/types\/post"}],"author":[{"embeddable":true,"href":"https:\/\/meier-gerdingh.de\/wp-spd-ob\/wp-json\/wp\/v2\/users\/1"}],"replies":[{"embeddable":true,"href":"https:\/\/meier-gerdingh.de\/wp-spd-ob\/wp-json\/wp\/v2\/comments?post=11875"}],"version-history":[{"count":0,"href":"https:\/\/meier-gerdingh.de\/wp-spd-ob\/wp-json\/wp\/v2\/posts\/11875\/revisions"}],"wp:attachment":[{"href":"https:\/\/meier-gerdingh.de\/wp-spd-ob\/wp-json\/wp\/v2\/media?parent=11875"}],"wp:term":[{"taxonomy":"category","embeddable":true,"href":"https:\/\/meier-gerdingh.de\/wp-spd-ob\/wp-json\/wp\/v2\/categories?post=11875"},{"taxonomy":"post_tag","embeddable":true,"href":"https:\/\/meier-gerdingh.de\/wp-spd-ob\/wp-json\/wp\/v2\/tags?post=11875"},{"taxonomy":"quellen","embeddable":true,"href":"https:\/\/meier-gerdingh.de\/wp-spd-ob\/wp-json\/wp\/v2\/quellen?post=11875"}],"curies":[{"name":"wp","href":"https:\/\/api.w.org\/{rel}","templated":true}]}}