{"id":11876,"date":"2024-11-14T11:28:32","date_gmt":"2024-11-14T10:28:32","guid":{"rendered":"https:\/\/meier-gerdingh.de\/wp-spd-ob\/?p=11876"},"modified":"2024-11-14T11:28:32","modified_gmt":"2024-11-14T10:28:32","slug":"steigende-preise-bedrohen-den-gesellschaftlichen-zusammenhalt-landesregierung-hat-offenbar-wenig-interesse-an-der-situation-von-aermeren","status":"publish","type":"post","link":"https:\/\/meier-gerdingh.de\/wp-spd-ob\/2024\/11\/14\/steigende-preise-bedrohen-den-gesellschaftlichen-zusammenhalt-landesregierung-hat-offenbar-wenig-interesse-an-der-situation-von-aermeren\/","title":{"rendered":"Steigende Preise bedrohen den gesellschaftlichen Zusammenhalt \u2013 Landesregierung hat offenbar wenig Interesse an der Situation von \u00c4rmeren"},"content":{"rendered":"<p><a href=\"https:\/\/meier-gerdingh.de\/wp-spd-ob\/wp-content\/uploads\/2023\/03\/banner-diese-woche-im-landtag-01.jpg\"><img decoding=\"async\" class=\"aligncenter size-full wp-image-10267\" src=\"https:\/\/meier-gerdingh.de\/wp-spd-ob\/wp-content\/uploads\/2023\/03\/banner-diese-woche-im-landtag-01.jpg\" alt=\"\" width=\"700\" height=\"258\" srcset=\"https:\/\/meier-gerdingh.de\/wp-spd-ob\/wp-content\/uploads\/2023\/03\/banner-diese-woche-im-landtag-01.jpg 700w, https:\/\/meier-gerdingh.de\/wp-spd-ob\/wp-content\/uploads\/2023\/03\/banner-diese-woche-im-landtag-01-300x111.jpg 300w\" sizes=\"(max-width: 700px) 100vw, 700px\" \/><\/a>Die steigende Inflation macht Verbraucherinnen und Verbrauchern schon seit Ausbruch des Ukraine-Krieges 2022 zu schaffen. Ein bemerkenswerter Aspekt dieser Preissteigerungen l\u00e4uft allerdings weiterhin relativ unbemerkt von der \u00d6ffentlichkeit: Die Lebensmittel-Inflation \u00fcbersteigt die Gesamtinflationsrate weiterhin deutlich. Eine Preisbeobachtungsstelle k\u00f6nnte hier regulierend wirken.<!--more--><\/p>\n<h3 class=\"spd-ob-crossheading\">Enorme Preisanstiege<\/h3>\n<p>Besonders eklatant zeigt sich das an Zahlen, die IT NRW am 15. Oktober 2024 auf ihrer Homepage ver\u00f6ffentlicht hat. Demnach sind gerade in NRW die Nahrungsmittelpreise zwischen 2015 und 2023 doppelt so hoch gestiegen wie die Verbraucherpreise insgesamt. Die h\u00f6chsten Preisanstiege wurden in den Jahren 2022 und 2023 verzeichnet. Im Jahr 2023 waren Nahrungsmittel in Nordrhein-Westfalen rund 46,9 Prozent teurer als im Jahr 2015. Wie IT NRW als Statistisches Landesamt mitteilt, ist der Preisanstieg doppelt so hoch wie die Ver\u00e4nderungsrate des Verbraucherpreisindex\u2018 mit insgesamt 23,4 Prozent.<\/p>\n<h3 class=\"spd-ob-crossheading\">\u00c4rmere Menschen besonders betroffen<\/h3>\n<p>&#8222;F\u00fcr berufst\u00e4tige Familien und Alleinstehende mit geringem Einkommen eine \u00fcble Situation. Diese Menschen m\u00fcssen bei der Lebensmittelversorgung sparen, obwohl die Einsparm\u00f6glichkeiten ohnehin nur gering sind. Dazu kommen noch stark gestiegenen Preise f\u00fcr Energie und Mieten. Die Ausgaben f\u00fcr diese drei Bereiche treffen Menschen mit geringem Einkommen besonders hart, weil sie gezwungen sind, einen gro\u00dfen Teil ihres schmalen Budgets f\u00fcr den Grundbedarf, also Nahrungsmittel, Haushaltsenergie und Miete, auszugeben&#8220;, so Sonja Bongers. Ergebnis ist \u2013 und das zeigen zahlreiche Studien f\u00fcr Deutschland \u2013 eine deutlich h\u00f6here relative Inflationsrate f\u00fcr diese Haushalte mit geringen Einkommen.<\/p>\n<h3 class=\"spd-ob-crossheading\">Marktmacht der Lebensmittelindustrie<\/h3>\n<p>Gleichzeitig gibt es Anzeichen daf\u00fcr, dass der Wettbewerb im hoch konzentrierten deutschen Lebensmitteleinzelhandel unzureichend funktioniert. In Deutschland wird der Lebensmitteleinzelhandel von den vier Gro\u00dfunternehmen Edeka, Rewe, Aldi und Lidl dominiert. Der Anteil der &#8222;Big Four&#8220; hat in den vergangenen 20 Jahren stetig zugenommen, 2022 entfielen auf diese vier Unternehmen \u00fcber 85 Prozent des Umsatzes im Lebensmitteleinzelhandel.<\/p>\n<p>&#8222;\u00dcber ein Drittel des j\u00fcngsten Anstiegs der Lebensmittelpreise kann nicht durch Erzeuger- und Energiepreise erkl\u00e4rt werden. Die intransparente Wertsch\u00f6pfungskette der marktbeherrschenden Einzelh\u00e4ndlerinnen und Einzelh\u00e4ndler macht es f\u00fcr Verbraucherinnen und Verbraucher unm\u00f6glich, die Preisbildung bei Lebensmitteln nachvollziehen zu k\u00f6nnen&#8220; so Bongers weiter.<\/p>\n<h3 class=\"spd-ob-crossheading\">Landesregierung blockiert<\/h3>\n<p>All diese (Fehl-) Entwicklungen zeigen auf, dass es f\u00fcr die Politik deutlichen Nachholbedarf in Sachen Transparenz und Markt-Kontrolle im Lebensmittelsektor gibt. Ein relativ einfaches und in mehreren europ\u00e4ischen L\u00e4ndern erprobtes und bew\u00e4hrtes Instrument daf\u00fcr ist die Einf\u00fchrung einer &#8222;Preisbeobachtungsstelle&#8220;.<\/p>\n<p>&#8222;Diese wird jedoch von der Landesregierung abgelehnt, da der zus\u00e4tzliche b\u00fcrokratische Aufwand zu hoch sei&#8220;, so Bongers. Dabei habe eine aktuelle Machbarkeitsstudie klar aufgezeigt, dass die Einrichtung einer Preisbeobachtungsstelle in Deutschland problemlos umsetzbar ist und dass mit der Bundesanstalt f\u00fcr Landwirtschaft und Ern\u00e4hrung (BLE) auch bereits eine geeignete Dachorganisation mit existierenden und funktionierenden Strukturen zur Verf\u00fcgung st\u00fcnde.<\/p>\n","protected":false},"excerpt":{"rendered":"<p>Die steigende Inflation macht Verbraucherinnen und Verbrauchern schon seit Ausbruch des Ukraine-Krieges 2022 zu schaffen. Ein bemerkenswerter Aspekt dieser Preissteigerungen l\u00e4uft allerdings weiterhin relativ unbemerkt von der \u00d6ffentlichkeit: Die Lebensmittel-Inflation&hellip; <\/p>\n","protected":false},"author":1,"featured_media":0,"comment_status":"closed","ping_status":"closed","sticky":false,"template":"","format":"standard","meta":{"footnotes":""},"categories":[174,4120,216,311],"tags":[3877,3272,4265,3265,4266,4268,4267,4269,3798],"quellen":[1317],"class_list":["post-11876","post","type-post","status-publish","format-standard","hentry","category-arbeit-und-soziales","category-die-woche-im-landtag","category-land","category-wirtschaft","tag-geringverdiener","tag-inflation","tag-inflationsrate","tag-lebensmittel","tag-lebensmittel-inflation","tag-lebensmitteleinzelhandel","tag-nahrungsmittelpreise","tag-preisbeobachtungsstelle","tag-preissteigerungen","quellen-mdl-sonja-bongers"],"_links":{"self":[{"href":"https:\/\/meier-gerdingh.de\/wp-spd-ob\/wp-json\/wp\/v2\/posts\/11876","targetHints":{"allow":["GET"]}}],"collection":[{"href":"https:\/\/meier-gerdingh.de\/wp-spd-ob\/wp-json\/wp\/v2\/posts"}],"about":[{"href":"https:\/\/meier-gerdingh.de\/wp-spd-ob\/wp-json\/wp\/v2\/types\/post"}],"author":[{"embeddable":true,"href":"https:\/\/meier-gerdingh.de\/wp-spd-ob\/wp-json\/wp\/v2\/users\/1"}],"replies":[{"embeddable":true,"href":"https:\/\/meier-gerdingh.de\/wp-spd-ob\/wp-json\/wp\/v2\/comments?post=11876"}],"version-history":[{"count":0,"href":"https:\/\/meier-gerdingh.de\/wp-spd-ob\/wp-json\/wp\/v2\/posts\/11876\/revisions"}],"wp:attachment":[{"href":"https:\/\/meier-gerdingh.de\/wp-spd-ob\/wp-json\/wp\/v2\/media?parent=11876"}],"wp:term":[{"taxonomy":"category","embeddable":true,"href":"https:\/\/meier-gerdingh.de\/wp-spd-ob\/wp-json\/wp\/v2\/categories?post=11876"},{"taxonomy":"post_tag","embeddable":true,"href":"https:\/\/meier-gerdingh.de\/wp-spd-ob\/wp-json\/wp\/v2\/tags?post=11876"},{"taxonomy":"quellen","embeddable":true,"href":"https:\/\/meier-gerdingh.de\/wp-spd-ob\/wp-json\/wp\/v2\/quellen?post=11876"}],"curies":[{"name":"wp","href":"https:\/\/api.w.org\/{rel}","templated":true}]}}