{"id":119,"date":"2000-02-15T17:00:00","date_gmt":"2000-02-15T15:00:00","guid":{"rendered":"http:\/\/www.meier-gerdingh.de\/spd-oberhausen\/wp\/?p=119"},"modified":"2017-05-01T13:13:13","modified_gmt":"2017-05-01T11:13:13","slug":"staerkung-der-sterkrader-innenstadt-bleibt-auf-der-tagesordnung","status":"publish","type":"post","link":"https:\/\/meier-gerdingh.de\/wp-spd-ob\/2000\/02\/15\/staerkung-der-sterkrader-innenstadt-bleibt-auf-der-tagesordnung\/","title":{"rendered":"St\u00e4rkung der Sterkrader Innenstadt bleibt auf der Tagesordnung"},"content":{"rendered":"<div style=\"width: 190px\" class=\"wp-caption alignleft\"><a href=\"http:\/\/meier-gerdingh.de\/wp-spd-ob\/wp-content\/uploads\/centerp.jpg\"><img decoding=\"async\" class=\"size-full\" src=\"http:\/\/meier-gerdingh.de\/wp-spd-ob\/wp-content\/uploads\/centerp.jpg\" alt=\"Centerpoint Sterkrade\" width=\"180\" height=\"141\" \/><\/a><p class=\"wp-caption-text\">Centerpoint Sterkrade<\/p><\/div>\n<p>Mit diesem einstimmig gefassten Beschluss soll eine Eigeninitiative Sterkrader Kaufleute auch finanziell durch die Stadt begleitet werden. Ziel dieser Initiative ist, mit Beratung eines externen Gutachters St\u00e4rken und Schw\u00e4chen, aber auch Entwicklungspotentiale der Sterkrader-City zu analysieren.<!--more--><\/p>\n<p>Vor dem Hintergrund der Chancen, die sich aus der Realisierung des technischen Rathauses und durch die Entwicklung der MAN-GHH-Brachfl\u00e4che zu einem innenstadtnahen Wohnstandort ergeben, erwarten die Kaufleute aus dieser Untersuchung auch konkrete Hinweise, wie dieses sich neu entwickelnde Kundenpotentail an die Innenstadt Sterkrade gebunden werden kann.<\/p>\n<p>Diesem Beschlu\u00df vorausgegangen war ein Meinungsaustausch zwischen Mitgliedern der SPD-Fraktion um ihren Vorsitzenden, Michael Groschek, und Herrn Manfred Assmacher, dem Vorsitzenden der Sterkrader Interessengemeinschaft.<\/p>\n<p>&#8222;Meine Fraktion ist sich in der Bewertung einig, dass das &#8220;prima Klima&#8220; zwischen den Verantwortlichen in Sterkrade zur Weiterentwicklung des Standortes genutzt werden mu\u00df. Unser gemeinsames Ziel ist, die Sterkrader Innenstadt fit zu machen ist f\u00fcr die neuen Herausforderungen. Mitmachen statt Miesmachen ist hier die Devise&#8220;, so der SPD-Fraktionsvorsitzende Michael Groschek.<\/p>\n<p>Die SPD-Fraktion wird noch f\u00fcr die Beratungen des Haushaltes f\u00fcr das Jahr 2000 einen entsprechenden Antrag beziffern, der auch als Anerkennungspr\u00e4mie f\u00fcr die gute Arbeit f\u00fcr Sterkrade zu werten ist.<\/p>\n","protected":false},"excerpt":{"rendered":"<p>Mit diesem einstimmig gefassten Beschluss soll eine Eigeninitiative Sterkrader Kaufleute auch finanziell durch die Stadt begleitet werden. Ziel dieser Initiative ist, mit Beratung eines externen Gutachters St\u00e4rken und Schw\u00e4chen, aber&hellip; <\/p>\n","protected":false},"author":1,"featured_media":0,"comment_status":"closed","ping_status":"closed","sticky":false,"template":"","format":"standard","meta":{"footnotes":""},"categories":[1],"tags":[],"quellen":[],"class_list":["post-119","post","type-post","status-publish","format-standard","hentry","category-allgemein"],"_links":{"self":[{"href":"https:\/\/meier-gerdingh.de\/wp-spd-ob\/wp-json\/wp\/v2\/posts\/119","targetHints":{"allow":["GET"]}}],"collection":[{"href":"https:\/\/meier-gerdingh.de\/wp-spd-ob\/wp-json\/wp\/v2\/posts"}],"about":[{"href":"https:\/\/meier-gerdingh.de\/wp-spd-ob\/wp-json\/wp\/v2\/types\/post"}],"author":[{"embeddable":true,"href":"https:\/\/meier-gerdingh.de\/wp-spd-ob\/wp-json\/wp\/v2\/users\/1"}],"replies":[{"embeddable":true,"href":"https:\/\/meier-gerdingh.de\/wp-spd-ob\/wp-json\/wp\/v2\/comments?post=119"}],"version-history":[{"count":0,"href":"https:\/\/meier-gerdingh.de\/wp-spd-ob\/wp-json\/wp\/v2\/posts\/119\/revisions"}],"wp:attachment":[{"href":"https:\/\/meier-gerdingh.de\/wp-spd-ob\/wp-json\/wp\/v2\/media?parent=119"}],"wp:term":[{"taxonomy":"category","embeddable":true,"href":"https:\/\/meier-gerdingh.de\/wp-spd-ob\/wp-json\/wp\/v2\/categories?post=119"},{"taxonomy":"post_tag","embeddable":true,"href":"https:\/\/meier-gerdingh.de\/wp-spd-ob\/wp-json\/wp\/v2\/tags?post=119"},{"taxonomy":"quellen","embeddable":true,"href":"https:\/\/meier-gerdingh.de\/wp-spd-ob\/wp-json\/wp\/v2\/quellen?post=119"}],"curies":[{"name":"wp","href":"https:\/\/api.w.org\/{rel}","templated":true}]}}