{"id":120,"date":"2000-02-17T17:00:00","date_gmt":"2000-02-17T15:00:00","guid":{"rendered":"http:\/\/www.meier-gerdingh.de\/spd-oberhausen\/wp\/?p=120"},"modified":"2017-05-01T13:12:52","modified_gmt":"2017-05-01T11:12:52","slug":"jede-dritte-mark-in-nrw-fuer-bildung","status":"publish","type":"post","link":"https:\/\/meier-gerdingh.de\/wp-spd-ob\/2000\/02\/17\/jede-dritte-mark-in-nrw-fuer-bildung\/","title":{"rendered":"Jede dritte Mark in NRW f\u00fcr Bildung"},"content":{"rendered":"<div style=\"width: 150px\" class=\"wp-caption alignleft\"><a href=\"http:\/\/meier-gerdingh.de\/wp-spd-ob\/wp-content\/uploads\/grosse_broemer_rede.jpg\"><img decoding=\"async\" class=\"size-full\" src=\"http:\/\/meier-gerdingh.de\/wp-spd-ob\/wp-content\/uploads\/grosse_broemer_rede.jpg\" alt=\"\" width=\"140\" height=\"186\" \/><\/a><p class=\"wp-caption-text\">Wolfgang Gro\u00dfe Br\u00f6mer<\/p><\/div>\n<p>&#8222;Die zentrale Aufgabe der Bildungspolitik muss die Schaffung von Chancengleichheit f\u00fcr junge Menschen sein&#8220;, so erl\u00e4uterte der SPD-Landtagskandidat Wolfgang Gro\u00dfe Br\u00f6mer die Ziele sozialdemokratischer Bildungspolitik. Auf einer Bildungsveranstaltung der Arbeitsgemeinschaft der Sozialdemokraten im Bildungswesen (AfB) und des Arbeitskreis Schule der SPD-Ratsfraktion betonte Gro\u00dfe Br\u00f6mer, dass &#8222;die Ausbildung unserer Kinder nicht vom Geldbeutel der Eltern abh\u00e4ngen darf.&#8220;<!--more--><\/p>\n<p>In Nordrhein-Westfalen, so Gro\u00dfe Br\u00f6mer weiter, &#8222;flie\u00dft jede dritte Mark des Landeshaushalts in die Bildungspolitik&#8220;. Hier werde trotz schwieriger Finanzlage in die Zukunft investiert.<\/p>\n<p>Mit steigenden Mitteln f\u00fcr Bildung in NRW stehe die SPD im klaren Gegensatz zur Politik des CDU-Landesvorsitzenden R\u00fcttgers. In dessen Amtszeit als Bildungsminister unter Helmut Kohl sind die Ausgaben f\u00fcr Bildung deutlich gesunken.<\/p>\n<p>Neben der Schaffung neuer Lehrerstellen &#8211; in den Jahren 1999 und 2000 allein 2836 Stellen auf Initiative der SPD-Landtagsfraktion &#8211; werde ein Schwerpunkt auf die Ausstattung der Schulen mit Computern gelegt.<\/p>\n<p>In der Diskussion wurde gefordert, den Schwerpunkt der F\u00f6rderung auf Schulen in sozial benachteiligten Stadtteilen zu legen. Hier sei der Bedarf am gr\u00f6\u00dften.<\/p>\n<p>Grunds\u00e4tzlich m\u00fcsse sich Schule verst\u00e4rkt den Herausforderungen der Zukunft stellen, betonte Gro\u00dfe Br\u00f6mer. Dies gehe nur mit neuen bildungspolitischen Ans\u00e4tzen und nicht mit einem &#8222;Zur\u00fcck&#8220; zu bildungspolitischen Konzepten der 50er Jahre, wie es zum Teil bei der CDU zu erkennen sei, die u.a. immer wieder die Gesamtschule in Frage stelle.<\/p>\n<p>Die Denkschrift &#8222;Zukunft der Schule&#8220; r\u00fcckte Erika Risse als Mitglied des AfB-Landesvorstandes in den Mittelpunkt der Diskussion. Diese 1995 von einer Kommission unabh\u00e4ngiger Experten ver\u00f6ffentlichte Denkschrift enthalte eine Reihe wichtiger Anregungen, die auch f\u00fcr aktuelle bildungspolitische Diskussionen von Bedeutung sind. So werde von der Industrie verst\u00e4rkt die Vermittlung von Schl\u00fcsselqualifikationen wie Teamf\u00e4higkeit und Kreativit\u00e4t und weniger die Vermittlung reinen Fachwissens gefordert. Ein Weg hierzu sei die Verst\u00e4rkung fach\u00fcbergreifenden Unterrichts.<\/p>\n<p>?&#8220;on besonderer Bedeutung ist laut Denkschrift die St\u00e4rkung der einzelnen Schulen&#8220;, erl\u00e4uterte Risse,&#8220; ihre Selbst\u00e4ndigkeit muss vergr\u00f6\u00dfert werden.&#8220; Dies setze aber auch eine bessere Kontrolle der Ergebnisse voraus.<\/p>\n<p>Kritik wurde in diesem Zusammenhang an der CDU ge\u00fcbt. In ihren Papieren strebe sie st\u00e4rkere Zentralisierung durch mehr Vorgaben an. Dies mache es unm\u00f6glich auf die besondere Situation von Schulen und die individuellen Bed\u00fcrfnisse von Sch\u00fclern einzugehen.<\/p>\n<p>In der Diskussion wurde betont, dass Schule neben der Vorbereitung der Sch\u00fcler auf das Berufsleben auch die Aufgabe habe, Grundwerte wie Toleranz und Demokratie zu vermitteln.<\/p>\n<p>Zum Abschluss forderte Wolfgang Gro\u00dfe Br\u00f6mer, der Ausbildung von Kindern und Jugendlichen weiterhin Priorit\u00e4t einzur\u00e4umen. &#8222;Die Schulen stehen vor schwierigen Aufgaben, wir d\u00fcrfen und werden sie als Politik dabei nicht allein lassen.&#8220;<\/p>\n","protected":false},"excerpt":{"rendered":"<p>&#8222;Die zentrale Aufgabe der Bildungspolitik muss die Schaffung von Chancengleichheit f\u00fcr junge Menschen sein&#8220;, so erl\u00e4uterte der SPD-Landtagskandidat Wolfgang Gro\u00dfe Br\u00f6mer die Ziele sozialdemokratischer Bildungspolitik. Auf einer Bildungsveranstaltung der Arbeitsgemeinschaft&hellip; <\/p>\n","protected":false},"author":1,"featured_media":0,"comment_status":"closed","ping_status":"closed","sticky":false,"template":"","format":"standard","meta":{"footnotes":""},"categories":[1],"tags":[],"quellen":[],"class_list":["post-120","post","type-post","status-publish","format-standard","hentry","category-allgemein"],"_links":{"self":[{"href":"https:\/\/meier-gerdingh.de\/wp-spd-ob\/wp-json\/wp\/v2\/posts\/120","targetHints":{"allow":["GET"]}}],"collection":[{"href":"https:\/\/meier-gerdingh.de\/wp-spd-ob\/wp-json\/wp\/v2\/posts"}],"about":[{"href":"https:\/\/meier-gerdingh.de\/wp-spd-ob\/wp-json\/wp\/v2\/types\/post"}],"author":[{"embeddable":true,"href":"https:\/\/meier-gerdingh.de\/wp-spd-ob\/wp-json\/wp\/v2\/users\/1"}],"replies":[{"embeddable":true,"href":"https:\/\/meier-gerdingh.de\/wp-spd-ob\/wp-json\/wp\/v2\/comments?post=120"}],"version-history":[{"count":0,"href":"https:\/\/meier-gerdingh.de\/wp-spd-ob\/wp-json\/wp\/v2\/posts\/120\/revisions"}],"wp:attachment":[{"href":"https:\/\/meier-gerdingh.de\/wp-spd-ob\/wp-json\/wp\/v2\/media?parent=120"}],"wp:term":[{"taxonomy":"category","embeddable":true,"href":"https:\/\/meier-gerdingh.de\/wp-spd-ob\/wp-json\/wp\/v2\/categories?post=120"},{"taxonomy":"post_tag","embeddable":true,"href":"https:\/\/meier-gerdingh.de\/wp-spd-ob\/wp-json\/wp\/v2\/tags?post=120"},{"taxonomy":"quellen","embeddable":true,"href":"https:\/\/meier-gerdingh.de\/wp-spd-ob\/wp-json\/wp\/v2\/quellen?post=120"}],"curies":[{"name":"wp","href":"https:\/\/api.w.org\/{rel}","templated":true}]}}