{"id":12041,"date":"2024-11-26T12:40:34","date_gmt":"2024-11-26T11:40:34","guid":{"rendered":"https:\/\/meier-gerdingh.de\/wp-spd-ob\/?p=12041"},"modified":"2024-11-28T12:44:08","modified_gmt":"2024-11-28T11:44:08","slug":"spd-will-sozialen-kahlschlag-verhindern-2","status":"publish","type":"post","link":"https:\/\/meier-gerdingh.de\/wp-spd-ob\/2024\/11\/26\/spd-will-sozialen-kahlschlag-verhindern-2\/","title":{"rendered":"SPD will sozialen Kahlschlag verhindern"},"content":{"rendered":"<div id=\"attachment_9529\" style=\"width: 170px\" class=\"wp-caption alignleft\"><a href=\"https:\/\/meier-gerdingh.de\/wp-spd-ob\/wp-content\/uploads\/2022\/10\/zimkeit-stefan-22-lg.jpg\"><img aria-describedby=\"caption-attachment-9529\" decoding=\"async\" class=\"size-full wp-image-9529\" src=\"https:\/\/meier-gerdingh.de\/wp-spd-ob\/wp-content\/uploads\/2022\/10\/zimkeit-stefan-22.jpg\" alt=\"\" width=\"160\" height=\"200\" \/><\/a><p id=\"caption-attachment-9529\" class=\"wp-caption-text\">Stefan Zimkeit ist Landtagsabgeordneter f\u00fcr Oberhausen-Sterkrade und Dinslaken<\/p><\/div>\n<p>In dieser Woche wird die SPD-Fraktion einen Vorsto\u00df im Haushaltsausschuss des Landtags unternehmen, den von der schwarz-gr\u00fcnen Landesregierung geplanten &#8222;sozialen Kahlschlag&#8220; zu verhindern, berichtet der Abgeordnete Stefan Zimkeit. &#8222;Wir werden eine Reihe von Vorschl\u00e4gen machen, um den gesellschaftlichen Zusammenhalt und den Wohlstand in unserem Land zu st\u00e4rken.&#8220;<\/p>\n<p>Im Zentrum steht dabei die R\u00fccknahme unsozialen K\u00fcrzungen bei der Pflege, der psychiatrischen Versorgung, der Sucht- und Gesundheitsberatung, der Aids-Hilfe, dem Berufseinstieg junger Menschen, der Inklusion in den Arbeitsmarkt, der Gefl\u00fcchtetenberatung, der Armutsbek\u00e4mpfung, der Jugendhilfe und den Wohlfahrtsverb\u00e4nden, die zuletzt mit 32.000 Menschen in D\u00fcsseldorf demonstriert hatten.<!--more--><\/p>\n<p>Au\u00dferdem spricht sich der SPD-Finanzexperte f\u00fcr zus\u00e4tzliche Mittel f\u00fcr die Kitas aus. Wichtige weitere Beispiele sind laut Zimkeit die F\u00f6rdergelder f\u00fcr Kleingartenvereine, Mittelstand, Start-Ups und Kreativwirtschaft, Instandhaltung und Ausbau der Landesstra\u00dfen sowie die kommunale Entwicklungszusammenarbeit. &#8222;In allen diesen Bereichen m\u00f6chte die Landesregierung schmerzliche finanzielle Einschnitte vornehmen.&#8220;<\/p>\n<p>Stefan Zimkeit fordert CDU und Gr\u00fcne auf, ihre unsozialen Streichungspl\u00e4ne im Zuge der Haushaltsberatungen zur\u00fcckzunehmen.<\/p>\n","protected":false},"excerpt":{"rendered":"<p>In dieser Woche wird die SPD-Fraktion einen Vorsto\u00df im Haushaltsausschuss des Landtags unternehmen, den von der schwarz-gr\u00fcnen Landesregierung geplanten &#8222;sozialen Kahlschlag&#8220; zu verhindern, berichtet der Abgeordnete Stefan Zimkeit. &#8222;Wir werden&hellip; <\/p>\n","protected":false},"author":1,"featured_media":0,"comment_status":"closed","ping_status":"closed","sticky":false,"template":"","format":"standard","meta":{"footnotes":""},"categories":[174,98,216],"tags":[4259,3695,1842,4260,1784],"quellen":[331],"class_list":["post-12041","post","type-post","status-publish","format-standard","hentry","category-arbeit-und-soziales","category-finanzen","category-land","tag-kuerzungen-sozialbereich","tag-sozialtraeger","tag-sozialverbaende","tag-sparplaene-der-landesregierung","tag-wohlfahrtsverbaende","quellen-mdl-stefan-zimkeit"],"_links":{"self":[{"href":"https:\/\/meier-gerdingh.de\/wp-spd-ob\/wp-json\/wp\/v2\/posts\/12041","targetHints":{"allow":["GET"]}}],"collection":[{"href":"https:\/\/meier-gerdingh.de\/wp-spd-ob\/wp-json\/wp\/v2\/posts"}],"about":[{"href":"https:\/\/meier-gerdingh.de\/wp-spd-ob\/wp-json\/wp\/v2\/types\/post"}],"author":[{"embeddable":true,"href":"https:\/\/meier-gerdingh.de\/wp-spd-ob\/wp-json\/wp\/v2\/users\/1"}],"replies":[{"embeddable":true,"href":"https:\/\/meier-gerdingh.de\/wp-spd-ob\/wp-json\/wp\/v2\/comments?post=12041"}],"version-history":[{"count":0,"href":"https:\/\/meier-gerdingh.de\/wp-spd-ob\/wp-json\/wp\/v2\/posts\/12041\/revisions"}],"wp:attachment":[{"href":"https:\/\/meier-gerdingh.de\/wp-spd-ob\/wp-json\/wp\/v2\/media?parent=12041"}],"wp:term":[{"taxonomy":"category","embeddable":true,"href":"https:\/\/meier-gerdingh.de\/wp-spd-ob\/wp-json\/wp\/v2\/categories?post=12041"},{"taxonomy":"post_tag","embeddable":true,"href":"https:\/\/meier-gerdingh.de\/wp-spd-ob\/wp-json\/wp\/v2\/tags?post=12041"},{"taxonomy":"quellen","embeddable":true,"href":"https:\/\/meier-gerdingh.de\/wp-spd-ob\/wp-json\/wp\/v2\/quellen?post=12041"}],"curies":[{"name":"wp","href":"https:\/\/api.w.org\/{rel}","templated":true}]}}