{"id":12060,"date":"2024-12-04T14:36:59","date_gmt":"2024-12-04T13:36:59","guid":{"rendered":"https:\/\/meier-gerdingh.de\/wp-spd-ob\/?p=12060"},"modified":"2024-12-04T14:36:59","modified_gmt":"2024-12-04T13:36:59","slug":"digitale-kompetenz-von-seniorinnen-und-senioren-staerken","status":"publish","type":"post","link":"https:\/\/meier-gerdingh.de\/wp-spd-ob\/2024\/12\/04\/digitale-kompetenz-von-seniorinnen-und-senioren-staerken\/","title":{"rendered":"Digitale Kompetenz von Seniorinnen und Senioren st\u00e4rken"},"content":{"rendered":"<p><a href=\"https:\/\/meier-gerdingh.de\/wp-spd-ob\/wp-content\/uploads\/2023\/03\/banner-diese-woche-im-landtag-01.jpg\"><img decoding=\"async\" src=\"https:\/\/meier-gerdingh.de\/wp-spd-ob\/wp-content\/uploads\/2023\/03\/banner-diese-woche-im-landtag-01.jpg\" alt=\"\" width=\"700\" height=\"258\" class=\"aligncenter size-full wp-image-10267\" srcset=\"https:\/\/meier-gerdingh.de\/wp-spd-ob\/wp-content\/uploads\/2023\/03\/banner-diese-woche-im-landtag-01.jpg 700w, https:\/\/meier-gerdingh.de\/wp-spd-ob\/wp-content\/uploads\/2023\/03\/banner-diese-woche-im-landtag-01-300x111.jpg 300w\" sizes=\"(max-width: 700px) 100vw, 700px\" \/><\/a>Viele Studien haben gezeigt, dass gerade die Gruppe der \u00e4lteren Menschen Gefahr l\u00e4uft, von der Digitalisierung abgeh\u00e4ngt zu werden. Insbesondere die 2022 ver\u00f6ffentlichte Umfrage &#8222;Leben ohne Internet \u2013 geht\u2019s noch?&#8220; der Bundesarbeitsgemeinschaft der Seniorenorganisationen e.V. (BAGSO) hat gezeigt, dass die Mehrheit der Seniorinnen und Senioren digitalen Ausgrenzungserfahrungen in nahezu allen Lebensbereichen ausgesetzt ist. <\/p>\n<p>&#8222;Die meisten Barrieren gibt es beim Zugang zur \u00f6ffentlichen Verwaltung. Das m\u00fcssen wir nachbessern. Immer mehr wird in diesem Bereich digitalisiert und die Leute verlieren im wahrsten Sinne des Wortes den Anschluss. Wir pl\u00e4dieren daf\u00fcr, dass die Kommunen vom Land mit einer Starthilfe \u00fcber mindestens drei Jahre f\u00fcr die Einrichtung und Qualifizierung digitaler Lern- und Erfahrungsorte zur digitalen Teilhabe \u00e4lterer Menschen gef\u00f6rdert werden&#8220;, erkl\u00e4rt die SPD-Politikerin Sonja Bongers.<!--more--><\/p>\n<h3 class=\"spd-ob-crossheading\">Bessere Internetzug\u00e4nge und Schulungen<\/h3>\n<p>Zudem m\u00fcsse es f\u00fcr Menschen, die keinen Online-Zugang haben oder die nicht in der Lage sind, Online-Dienste allein zu nutzen, wohnortnahe Service-Standorte geben, an denen sie ein Endger\u00e4t mit Internetzugang eigenst\u00e4ndig nutzen k\u00f6nnen. F\u00fcr die \u00fcberwiegend ehrenamtlich T\u00e4tigen, die \u00e4lteren Menschen bei der digitalen Teilhabe unterst\u00fctzen, m\u00fcssen dauerhaft qualitativ hochwertige Schulungen geschaffen werden, so Bongers weiter.<\/p>\n<p>Bereits 2019 hatte der Landtag NRW beschlossen, dass Senioreneinrichtungen die technischen Voraussetzungen schaffen m\u00fcssen, damit ihre Bewohner das Internet nutzen k\u00f6nnen. H\u00e4ufig fehlten jedoch, so Bongers ein internetf\u00e4higes Laptop, ein PC oder Smartphone. Menschen mit wenig Geld k\u00f6nnten sich oft kein Ger\u00e4t leisten. &#8222;Hier m\u00fcssen wir sicherstellen, dass Ger\u00e4te verf\u00fcgbar sind.&#8220;<\/p>\n","protected":false},"excerpt":{"rendered":"<p>Viele Studien haben gezeigt, dass gerade die Gruppe der \u00e4lteren Menschen Gefahr l\u00e4uft, von der Digitalisierung abgeh\u00e4ngt zu werden. Insbesondere die 2022 ver\u00f6ffentlichte Umfrage &#8222;Leben ohne Internet \u2013 geht\u2019s noch?&#8220;&hellip; <\/p>\n","protected":false},"author":1,"featured_media":0,"comment_status":"closed","ping_status":"closed","sticky":false,"template":"","format":"standard","meta":{"footnotes":""},"categories":[4120,3350,854],"tags":[399,4288,2381,4285,4287,4286],"quellen":[1317],"class_list":["post-12060","post","type-post","status-publish","format-standard","hentry","category-die-woche-im-landtag","category-digitalisierung","category-senioren","tag-barrierefreiheit","tag-digitale-ausgrenzungserfahrungen","tag-digitale-endgeraete","tag-digitale-teilhabe-aelterer-menschen","tag-internet-schulungen","tag-internetzugang","quellen-mdl-sonja-bongers"],"_links":{"self":[{"href":"https:\/\/meier-gerdingh.de\/wp-spd-ob\/wp-json\/wp\/v2\/posts\/12060","targetHints":{"allow":["GET"]}}],"collection":[{"href":"https:\/\/meier-gerdingh.de\/wp-spd-ob\/wp-json\/wp\/v2\/posts"}],"about":[{"href":"https:\/\/meier-gerdingh.de\/wp-spd-ob\/wp-json\/wp\/v2\/types\/post"}],"author":[{"embeddable":true,"href":"https:\/\/meier-gerdingh.de\/wp-spd-ob\/wp-json\/wp\/v2\/users\/1"}],"replies":[{"embeddable":true,"href":"https:\/\/meier-gerdingh.de\/wp-spd-ob\/wp-json\/wp\/v2\/comments?post=12060"}],"version-history":[{"count":0,"href":"https:\/\/meier-gerdingh.de\/wp-spd-ob\/wp-json\/wp\/v2\/posts\/12060\/revisions"}],"wp:attachment":[{"href":"https:\/\/meier-gerdingh.de\/wp-spd-ob\/wp-json\/wp\/v2\/media?parent=12060"}],"wp:term":[{"taxonomy":"category","embeddable":true,"href":"https:\/\/meier-gerdingh.de\/wp-spd-ob\/wp-json\/wp\/v2\/categories?post=12060"},{"taxonomy":"post_tag","embeddable":true,"href":"https:\/\/meier-gerdingh.de\/wp-spd-ob\/wp-json\/wp\/v2\/tags?post=12060"},{"taxonomy":"quellen","embeddable":true,"href":"https:\/\/meier-gerdingh.de\/wp-spd-ob\/wp-json\/wp\/v2\/quellen?post=12060"}],"curies":[{"name":"wp","href":"https:\/\/api.w.org\/{rel}","templated":true}]}}