{"id":12062,"date":"2024-12-04T14:41:29","date_gmt":"2024-12-04T13:41:29","guid":{"rendered":"https:\/\/meier-gerdingh.de\/wp-spd-ob\/?p=12062"},"modified":"2024-12-04T14:41:29","modified_gmt":"2024-12-04T13:41:29","slug":"landesregierung-muss-endlich-gegensteuern","status":"publish","type":"post","link":"https:\/\/meier-gerdingh.de\/wp-spd-ob\/2024\/12\/04\/landesregierung-muss-endlich-gegensteuern\/","title":{"rendered":"Landesregierung muss endlich gegensteuern"},"content":{"rendered":"<p><a href=\"https:\/\/meier-gerdingh.de\/wp-spd-ob\/wp-content\/uploads\/2023\/03\/banner-diese-woche-im-landtag-01.jpg\"><img decoding=\"async\" class=\"aligncenter size-full wp-image-10267\" src=\"https:\/\/meier-gerdingh.de\/wp-spd-ob\/wp-content\/uploads\/2023\/03\/banner-diese-woche-im-landtag-01.jpg\" alt=\"\" width=\"700\" height=\"258\" srcset=\"https:\/\/meier-gerdingh.de\/wp-spd-ob\/wp-content\/uploads\/2023\/03\/banner-diese-woche-im-landtag-01.jpg 700w, https:\/\/meier-gerdingh.de\/wp-spd-ob\/wp-content\/uploads\/2023\/03\/banner-diese-woche-im-landtag-01-300x111.jpg 300w\" sizes=\"(max-width: 700px) 100vw, 700px\" \/><\/a>Die SPD-Landtagsabgeordnete Sonja Bongers macht sich Sorgen um die wirtschaftliche Entwicklung in NRW und besonders im Ruhrgebiet: &#8222;Nordrhein-Westfalens Wirtschaft befindet sich auf dem absteigenden Ast. Wie die j\u00fcngsten Zahlen des RWI-Leibniz Instituts f\u00fcr Wirtschaftsforschung belegen, muss die von der Landesregierung im November 2024 ver\u00f6ffentlichte Prognose f\u00fcr die Wirtschaft Nordrhein-Westfalens im kommenden Jahr im Vergleich zu den Zahlen aus dem Sommer mehr als halbiert werden&#8220;, sagt Bongers.<\/p>\n<p>NRW sei im freien Fall. Insolvenzen und Stellenabbau sowohl im Mittelstand als auch bei Konzernen setzten der NRW-Wirtschaft zu, so Bongers. Betroffen von diesen Entwicklungen sei die komplette Gesellschaft.<!--more--><\/p>\n<p>&#8222;An jedem Arbeitsplatz, der wegf\u00e4llt, h\u00e4ngen anderen aus Zulieferbereichen. St\u00e4dte, die vielleicht nicht betroffen sind, haben dennoch B\u00fcrgerinnen und B\u00fcrger, die als Pendler von ihrem Jobverlust in der Nachbarstadt betroffen sind, so Bongers weiter. All das wirke sich aus und schade dem gesellschaftlichen Zusammenhalt.<\/p>\n<h3 class=\"spd-ob-crossheading\">Kein Entgegensteuern durch die Landesregierung<\/h3>\n<p>Derzeit reiht sich eine Insolvenzanmeldung an weitere Hiobsbotschaften aus der nordrhein-westf\u00e4lischen Wirtschaft ein: Ob Miele, Coca-Cola, Thyssenkrupp Steel oder Ford \u2013 viele Unternehmen planen aktuell Stellenstreichungen in Nordrhein-Westfalen.<\/p>\n<p>46 Prozent der Unternehmen wollen ihre Investitionen auf einem gleichbleibenden Niveau halten, w\u00e4hrend ein knappes Drittel (32 Prozent) sogar von einer Reduzierung der Investitionen in Nordrhein-Westfalen sprechen.<\/p>\n<p>Nur noch jedes zehnte nordrhein-westf\u00e4lische Industrieunternehmen berichtet von guten Gesch\u00e4ften. Ein historischer Tiefstand. Der Anteil der Betriebe mit einer schlechten Gesch\u00e4ftslage bleibt mit 38 Prozent hoch und auf \u00e4hnlichem Niveau wie im Fr\u00fchjahr 2024 (40 Prozent).<\/p>\n<p>&#8222;Seit Schwarz-Gr\u00fcn regiert, geht es mit der nordrhein-westf\u00e4lischen Wirtschaft bergab. Doch statt, einen zukunftsorientierten Plan vorzulegen, die Wirtschaft anzukurbeln und f\u00fcr eine nachhaltige Arbeitsplatzsicherung zu k\u00e4mpfen, bel\u00e4sst es die Landesregierung jedoch bei Worth\u00fclsen und Betroffenheitserkl\u00e4rungen&#8220; so Bongers.<\/p>\n","protected":false},"excerpt":{"rendered":"<p>Die SPD-Landtagsabgeordnete Sonja Bongers macht sich Sorgen um die wirtschaftliche Entwicklung in NRW und besonders im Ruhrgebiet: &#8222;Nordrhein-Westfalens Wirtschaft befindet sich auf dem absteigenden Ast. Wie die j\u00fcngsten Zahlen des&hellip; <\/p>\n","protected":false},"author":1,"featured_media":0,"comment_status":"closed","ping_status":"closed","sticky":false,"template":"","format":"standard","meta":{"footnotes":""},"categories":[4120,216,311],"tags":[1594,2550,4292,4291,269,3934,3318,1627,2610],"quellen":[1317],"class_list":["post-12062","post","type-post","status-publish","format-standard","hentry","category-die-woche-im-landtag","category-land","category-wirtschaft","tag-arbeitslosigkeit","tag-arbeitsplatzsicherung","tag-ford","tag-insolvenzen","tag-investitionen","tag-nrw-wirtschaft","tag-pendlerinnen-und-pendler","tag-stellenabbau","tag-thyssenkrupp-steel","quellen-mdl-sonja-bongers"],"_links":{"self":[{"href":"https:\/\/meier-gerdingh.de\/wp-spd-ob\/wp-json\/wp\/v2\/posts\/12062","targetHints":{"allow":["GET"]}}],"collection":[{"href":"https:\/\/meier-gerdingh.de\/wp-spd-ob\/wp-json\/wp\/v2\/posts"}],"about":[{"href":"https:\/\/meier-gerdingh.de\/wp-spd-ob\/wp-json\/wp\/v2\/types\/post"}],"author":[{"embeddable":true,"href":"https:\/\/meier-gerdingh.de\/wp-spd-ob\/wp-json\/wp\/v2\/users\/1"}],"replies":[{"embeddable":true,"href":"https:\/\/meier-gerdingh.de\/wp-spd-ob\/wp-json\/wp\/v2\/comments?post=12062"}],"version-history":[{"count":0,"href":"https:\/\/meier-gerdingh.de\/wp-spd-ob\/wp-json\/wp\/v2\/posts\/12062\/revisions"}],"wp:attachment":[{"href":"https:\/\/meier-gerdingh.de\/wp-spd-ob\/wp-json\/wp\/v2\/media?parent=12062"}],"wp:term":[{"taxonomy":"category","embeddable":true,"href":"https:\/\/meier-gerdingh.de\/wp-spd-ob\/wp-json\/wp\/v2\/categories?post=12062"},{"taxonomy":"post_tag","embeddable":true,"href":"https:\/\/meier-gerdingh.de\/wp-spd-ob\/wp-json\/wp\/v2\/tags?post=12062"},{"taxonomy":"quellen","embeddable":true,"href":"https:\/\/meier-gerdingh.de\/wp-spd-ob\/wp-json\/wp\/v2\/quellen?post=12062"}],"curies":[{"name":"wp","href":"https:\/\/api.w.org\/{rel}","templated":true}]}}