{"id":12066,"date":"2024-12-03T17:22:59","date_gmt":"2024-12-03T16:22:59","guid":{"rendered":"https:\/\/meier-gerdingh.de\/wp-spd-ob\/?p=12066"},"modified":"2024-12-05T17:25:53","modified_gmt":"2024-12-05T16:25:53","slug":"wiedergewaehlt-als-personalpolitischer-sprecher-der-spd-fraktion","status":"publish","type":"post","link":"https:\/\/meier-gerdingh.de\/wp-spd-ob\/2024\/12\/03\/wiedergewaehlt-als-personalpolitischer-sprecher-der-spd-fraktion\/","title":{"rendered":"Wiedergew\u00e4hlt als personalpolitischer Sprecher der SPD-Fraktion"},"content":{"rendered":"<div id=\"attachment_9529\" style=\"width: 170px\" class=\"wp-caption alignleft\"><a href=\"https:\/\/meier-gerdingh.de\/wp-spd-ob\/wp-content\/uploads\/2022\/10\/zimkeit-stefan-22-lg.jpg\"><img aria-describedby=\"caption-attachment-9529\" decoding=\"async\" class=\"size-full wp-image-9529\" src=\"https:\/\/meier-gerdingh.de\/wp-spd-ob\/wp-content\/uploads\/2022\/10\/zimkeit-stefan-22.jpg\" alt=\"\" width=\"160\" height=\"200\" \/><\/a><p id=\"caption-attachment-9529\" class=\"wp-caption-text\">Stefan Zimkeit ist Landtagsabgeordneter f\u00fcr Oberhausen-Sterkrade und Dinslaken<\/p><\/div>\n<p>&#8222;Der \u00f6ffentliche Dienst in NRW und in den St\u00e4dten muss attraktiver werden, um handlungsf\u00e4hig zu sein&#8220;, sagt Stefan Zimkeit. Der f\u00fcr Dinslaken und Oberhausen zust\u00e4ndige Landtagsabgeordnete wurde zur Halbzeit der Legislaturperiode als SPD-Fraktionssprecher f\u00fcr Personalpolitik wiedergew\u00e4hlt. &#8222;Leider verschlechtert die Landesregierung die Bedingungen, indem sie beispielsweise die Lebensarbeitszeit der Feuerwehrleute erh\u00f6ht und \u00dcberstunden bei der Polizei verfallen l\u00e4sst&#8220;, so Zimkeit. &#8222;Das ist genau die falsche Entscheidung. Egal ob in NRW oder hier bei uns in Oberhausen und Dinslaken: Wir leiden \u00fcberall unter dem Fachkr\u00e4ftemangel, zulasten der Besch\u00e4ftigten und der Menschen.&#8220;<!--more--><\/p>\n<p>Damit die Berufe nicht zunehmend unattraktiver werden, fordert Stefan Zimkeit ein Gesamtkonzept f\u00fcr einen attraktiveren \u00f6ffentlichen Dienst. &#8222;Dazu geh\u00f6ren familienfreundlichere Arbeitszeiten, gute Bezahlung und gerechte Zulagen, zeitgem\u00e4\u00dfe Regeln f\u00fcrs Homeoffice, ein Job-Ticket sowie schnelle Fortschritte bei der Digitalisierung und technischen Ausstattung&#8220;, z\u00e4hlt er einige Ma\u00dfnahmen auf.<\/p>\n<p>&#8222;In der Landesverwaltung sind 6,5 Prozent aller Stellen unbesetzt. Das ist zu viel&#8220;, kritisiert Zimkeit die schwarz-gr\u00fcne Regierung. &#8222;Das gilt f\u00fcr das ganze Spektrum von der Polizei bis zur Finanzverwaltung. Besonders dramatisch ist die Situation an vielen Schulen, wo permanenter Unterrichtsausfall zur Normalit\u00e4t geh\u00f6rt.&#8220;<\/p>\n<p>Auch die st\u00e4dtische Verwaltung ist laut Stefan Zimkeit betroffen: &#8222;Denn die Rahmenbedingungen f\u00fcr die kommunalen Beamtinnen und Beamten werden in D\u00fcsseldorf gesetzt.&#8220;<\/p>\n","protected":false},"excerpt":{"rendered":"<p>&#8222;Der \u00f6ffentliche Dienst in NRW und in den St\u00e4dten muss attraktiver werden, um handlungsf\u00e4hig zu sein&#8220;, sagt Stefan Zimkeit. Der f\u00fcr Dinslaken und Oberhausen zust\u00e4ndige Landtagsabgeordnete wurde zur Halbzeit der&hellip; <\/p>\n","protected":false},"author":1,"featured_media":0,"comment_status":"closed","ping_status":"closed","sticky":false,"template":"","format":"standard","meta":{"footnotes":""},"categories":[216,2169],"tags":[762,3112,1372,961,4293,4289,2988],"quellen":[331],"class_list":["post-12066","post","type-post","status-publish","format-standard","hentry","category-land","category-personalien","tag-fachkraeftemangel","tag-oeffentlicher-dienst","tag-personalpolitik","tag-spd-landtagsfraktion","tag-sprecher-fuer-personalpolitik","tag-stellenvakanzen","tag-unterrichtsausfall","quellen-mdl-stefan-zimkeit"],"_links":{"self":[{"href":"https:\/\/meier-gerdingh.de\/wp-spd-ob\/wp-json\/wp\/v2\/posts\/12066","targetHints":{"allow":["GET"]}}],"collection":[{"href":"https:\/\/meier-gerdingh.de\/wp-spd-ob\/wp-json\/wp\/v2\/posts"}],"about":[{"href":"https:\/\/meier-gerdingh.de\/wp-spd-ob\/wp-json\/wp\/v2\/types\/post"}],"author":[{"embeddable":true,"href":"https:\/\/meier-gerdingh.de\/wp-spd-ob\/wp-json\/wp\/v2\/users\/1"}],"replies":[{"embeddable":true,"href":"https:\/\/meier-gerdingh.de\/wp-spd-ob\/wp-json\/wp\/v2\/comments?post=12066"}],"version-history":[{"count":0,"href":"https:\/\/meier-gerdingh.de\/wp-spd-ob\/wp-json\/wp\/v2\/posts\/12066\/revisions"}],"wp:attachment":[{"href":"https:\/\/meier-gerdingh.de\/wp-spd-ob\/wp-json\/wp\/v2\/media?parent=12066"}],"wp:term":[{"taxonomy":"category","embeddable":true,"href":"https:\/\/meier-gerdingh.de\/wp-spd-ob\/wp-json\/wp\/v2\/categories?post=12066"},{"taxonomy":"post_tag","embeddable":true,"href":"https:\/\/meier-gerdingh.de\/wp-spd-ob\/wp-json\/wp\/v2\/tags?post=12066"},{"taxonomy":"quellen","embeddable":true,"href":"https:\/\/meier-gerdingh.de\/wp-spd-ob\/wp-json\/wp\/v2\/quellen?post=12066"}],"curies":[{"name":"wp","href":"https:\/\/api.w.org\/{rel}","templated":true}]}}