{"id":12067,"date":"2024-12-05T17:28:47","date_gmt":"2024-12-05T16:28:47","guid":{"rendered":"https:\/\/meier-gerdingh.de\/wp-spd-ob\/?p=12067"},"modified":"2024-12-05T17:28:47","modified_gmt":"2024-12-05T16:28:47","slug":"jubilarehrung-der-spd-ortsvereine-alsfeld-holten-und-sterkrade-nord-im-kastell-holten","status":"publish","type":"post","link":"https:\/\/meier-gerdingh.de\/wp-spd-ob\/2024\/12\/05\/jubilarehrung-der-spd-ortsvereine-alsfeld-holten-und-sterkrade-nord-im-kastell-holten\/","title":{"rendered":"Jubilarehrung der SPD-Ortsvereine Alsfeld-Holten und Sterkrade-Nord im Kastell Holten"},"content":{"rendered":"<div id=\"attachment_12064\" style=\"width: 710px\" class=\"wp-caption aligncenter\"><a href=\"https:\/\/meier-gerdingh.de\/wp-spd-ob\/wp-content\/uploads\/2024\/12\/jubilarehrung-ov-sterkrade-nord-ov-alsfeld-holten-2024-lg.jpg\"><img aria-describedby=\"caption-attachment-12064\" decoding=\"async\" class=\"size-full wp-image-12064\" src=\"https:\/\/meier-gerdingh.de\/wp-spd-ob\/wp-content\/uploads\/2024\/12\/jubilarehrung-ov-sterkrade-nord-ov-alsfeld-holten-2024.jpg\" alt=\"\" width=\"700\" height=\"233\" srcset=\"https:\/\/meier-gerdingh.de\/wp-spd-ob\/wp-content\/uploads\/2024\/12\/jubilarehrung-ov-sterkrade-nord-ov-alsfeld-holten-2024.jpg 700w, https:\/\/meier-gerdingh.de\/wp-spd-ob\/wp-content\/uploads\/2024\/12\/jubilarehrung-ov-sterkrade-nord-ov-alsfeld-holten-2024-300x100.jpg 300w\" sizes=\"(max-width: 700px) 100vw, 700px\" \/><\/a><p id=\"caption-attachment-12064\" class=\"wp-caption-text\">Gruppenbild von der gemeinsamen Jubilarehrung der SPD-Ortsvereine Alsfeld- Holten und Sterkrade-Nord im Kastell Holten<\/p><\/div>\n<p>In festlicher Atmosph\u00e4re und bei vorweihnachtlicher Stimmung ehrten die SPD-Ortsvereine Alsfeld-Holten und Sterkrade Nord Jubilarinnen und Jubilare im Kastell Holten f\u00fcr ihr langj\u00e4hriges Engagement in der Sozialdemokratischen Partei Deutschlands. Diese wurden f\u00fcr 10, 20, 25, 40, 50 und sogar 60 Jahre Mitgliedschaft in der SPD ausgezeichnet \u2013 ein Beweis f\u00fcr ihre best\u00e4ndige Unterst\u00fctzung und ihren Beitrag zur sozialdemokratischen Arbeit vor Ort.<\/p>\n<p>Die Ehrung erfolgte durch die beiden Vorsitzenden der Ortsvereine Karl-Heinz M\u00fcller und Lena Kamps-Engel. Gemeinsam mit dem Bundestagsabgeordneten Dirk V\u00f6pel \u00fcberreichten sie Urkunden und Nadeln als Zeichen der Wertsch\u00e4tzung f\u00fcr ihre jahrelange Treue und ihren Einsatz.<!--more--><\/p>\n<p>NRWSPD-Generalsekret\u00e4r Frederick Cordes und der designierte Oberb\u00fcrgermeister-Kandidat Thorsten Berg richteten ebenfalls Worte an die Versammlung. Sie nutzten die Gelegenheit, um auf die bevorstehenden Wahlk\u00e4mpfe auf Landes- und Bundesebene einzugehen. Beide betonten, dass die kommenden Wahlen entscheidend f\u00fcr die Zukunft des Landes und der Stadt Oberhausen seien.<\/p>\n<p>&#8222;Die Ehrungen sind ein sch\u00f6nes Zeichen f\u00fcr die Verbundenheit und das Engagement unserer Mitglieder&#8220;, sagte Karl-Heinz M\u00fcller. &#8222;Wir sind stolz darauf, so viele langj\u00e4hrige und treue Genossinnen und Genossen in unseren Reihen zu wissen. Sie haben die SPD vor Ort mitgestaltet und werden auch weiterhin ein wichtiger Teil von uns bleiben.&#8220;<\/p>\n<p>Lena Kamps-Engel f\u00fcgte hinzu: &#8222;Es ist eine besondere Freude, unsere Jubilarinnen und Jubilare heute zu ehren. Ihre langj\u00e4hrige Mitgliedschaft und ihr Engagement sind ein wichtiges Fundament f\u00fcr die politische Arbeit der SPD. Wir k\u00f6nnen auf ihre Erfahrungen und ihre Unterst\u00fctzung z\u00e4hlen, besonders hoffentlich auch in den kommenden Wahlk\u00e4mpfen.&#8220;<\/p>\n<p>Der Tag klang mit einer gem\u00fctlichen Runde aus, in der die Jubilarinnen und Jubilare sowie die Vorstandsmitglieder G\u00e4ste noch in Gespr\u00e4chen verweilten und sich auf die bevorstehenden politischen Herausforderungen stimmten.<\/p>\n","protected":false},"excerpt":{"rendered":"<p>In festlicher Atmosph\u00e4re und bei vorweihnachtlicher Stimmung ehrten die SPD-Ortsvereine Alsfeld-Holten und Sterkrade Nord Jubilarinnen und Jubilare im Kastell Holten f\u00fcr ihr langj\u00e4hriges Engagement in der Sozialdemokratischen Partei Deutschlands. Diese&hellip; <\/p>\n","protected":false},"author":1,"featured_media":0,"comment_status":"closed","ping_status":"closed","sticky":false,"template":"","format":"standard","meta":{"footnotes":""},"categories":[173],"tags":[261,4295,4294],"quellen":[336,337],"class_list":["post-12067","post","type-post","status-publish","format-standard","hentry","category-parteileben","tag-jubilarehrung","tag-jubilarehrung-ov-alsfeld-holten","tag-jubilarehrung-ov-sterkrade-nord","quellen-ov-alsfeld-holten","quellen-ov-sterkrade-nord"],"_links":{"self":[{"href":"https:\/\/meier-gerdingh.de\/wp-spd-ob\/wp-json\/wp\/v2\/posts\/12067","targetHints":{"allow":["GET"]}}],"collection":[{"href":"https:\/\/meier-gerdingh.de\/wp-spd-ob\/wp-json\/wp\/v2\/posts"}],"about":[{"href":"https:\/\/meier-gerdingh.de\/wp-spd-ob\/wp-json\/wp\/v2\/types\/post"}],"author":[{"embeddable":true,"href":"https:\/\/meier-gerdingh.de\/wp-spd-ob\/wp-json\/wp\/v2\/users\/1"}],"replies":[{"embeddable":true,"href":"https:\/\/meier-gerdingh.de\/wp-spd-ob\/wp-json\/wp\/v2\/comments?post=12067"}],"version-history":[{"count":0,"href":"https:\/\/meier-gerdingh.de\/wp-spd-ob\/wp-json\/wp\/v2\/posts\/12067\/revisions"}],"wp:attachment":[{"href":"https:\/\/meier-gerdingh.de\/wp-spd-ob\/wp-json\/wp\/v2\/media?parent=12067"}],"wp:term":[{"taxonomy":"category","embeddable":true,"href":"https:\/\/meier-gerdingh.de\/wp-spd-ob\/wp-json\/wp\/v2\/categories?post=12067"},{"taxonomy":"post_tag","embeddable":true,"href":"https:\/\/meier-gerdingh.de\/wp-spd-ob\/wp-json\/wp\/v2\/tags?post=12067"},{"taxonomy":"quellen","embeddable":true,"href":"https:\/\/meier-gerdingh.de\/wp-spd-ob\/wp-json\/wp\/v2\/quellen?post=12067"}],"curies":[{"name":"wp","href":"https:\/\/api.w.org\/{rel}","templated":true}]}}