{"id":12082,"date":"2024-12-06T15:11:08","date_gmt":"2024-12-06T14:11:08","guid":{"rendered":"https:\/\/meier-gerdingh.de\/wp-spd-ob\/?p=12082"},"modified":"2024-12-06T15:11:08","modified_gmt":"2024-12-06T14:11:08","slug":"diskussion-mit-den-oertlichen-sozialverbaenden-ueber-schulische-betreuung","status":"publish","type":"post","link":"https:\/\/meier-gerdingh.de\/wp-spd-ob\/2024\/12\/06\/diskussion-mit-den-oertlichen-sozialverbaenden-ueber-schulische-betreuung\/","title":{"rendered":"Diskussion mit den \u00f6rtlichen Sozialverb\u00e4nden \u00fcber schulische Betreuung"},"content":{"rendered":"<div id=\"attachment_12079\" style=\"width: 710px\" class=\"wp-caption aligncenter\"><a href=\"https:\/\/meier-gerdingh.de\/wp-spd-ob\/wp-content\/uploads\/2024\/12\/mdl-zimkeit-sozialverbaende-landtagsbesuch-2024-02-lg.jpg\"><img aria-describedby=\"caption-attachment-12079\" decoding=\"async\" class=\"size-full wp-image-12079\" src=\"https:\/\/meier-gerdingh.de\/wp-spd-ob\/wp-content\/uploads\/2024\/12\/mdl-zimkeit-sozialverbaende-landtagsbesuch-2024-02.jpg\" alt=\"\" width=\"700\" height=\"467\" srcset=\"https:\/\/meier-gerdingh.de\/wp-spd-ob\/wp-content\/uploads\/2024\/12\/mdl-zimkeit-sozialverbaende-landtagsbesuch-2024-02.jpg 700w, https:\/\/meier-gerdingh.de\/wp-spd-ob\/wp-content\/uploads\/2024\/12\/mdl-zimkeit-sozialverbaende-landtagsbesuch-2024-02-300x200.jpg 300w\" sizes=\"(max-width: 700px) 100vw, 700px\" \/><\/a><p id=\"caption-attachment-12079\" class=\"wp-caption-text\">MdL Stefan Zimkeit diskutierte mit den Oberhausener Sozialverb\u00e4nden \u00fcber schulische Betreuung<\/p><\/div>\n<p>Stefan Zimkeit hat bei einem Treffen mit den Oberhausener Sozialverb\u00e4nden auf die weiterhin erheblichen Folgen der Haushaltsk\u00fcrzungen hingewiesen. &#8222;Die Behauptung der Landesregierung, statt 83 Millionen nur noch 40 Millionen bei den Wohlfahrtsverb\u00e4nden zu k\u00fcrzen, ist eine vors\u00e4tzliche Irref\u00fchrung&#8220;, rechnete Zimkeit vor. &#8222;Denn wenn man die hineingerechneten Finanzmittel f\u00fcr Technologie- und Energieberatung und aus dem Sicherheitspaket abzieht, handelt es sich nur um 20 Millionen Euro.&#8220;<\/p>\n<p>Und selbst hier werde versucht, den sozialen Kahlschlag zu verschleiern. &#8222;15 Millionen Euro K\u00fcrzungen werden bei der Beratung f\u00fcr Fl\u00fcchtlinge zur\u00fcckgenommen. Gleichzeitig werden 15 Millionen bei den kommunalen Integrationszentren gek\u00fcrzt, was die Wohlfahrtsverb\u00e4nde dann auf diesem Wege trifft.&#8220; \u00c4hnlich sei es bei den K\u00fcrzungen, die den Gewaltschutz f\u00fcr Frauen betreffen, die an anderer Stelle mit Mitteln im Bereich Gleichstellung verrechnet werden.<!--more--><\/p>\n<p>35 Vertreterinnen und Vertreter der \u00f6rtlichen Sozialverb\u00e4nde waren gemeinsam mit Fachkr\u00e4ften aus den Schulen auf Einladung von Stefan Zimkeit in den Landtag gekommen. Ihr wichtigstes Anliegen war die Situation der offenen Ganztagsgrundschulen und der Schulsozialarbeit. &#8222;Die Gelder reichen vorne und hinten nicht, das ist ein Drama&#8220;, beklagte Anja Rustemeyer (Die Kurbel). &#8222;Wir sind meilenweit von Bildungsgerechtigkeit entfernt&#8220;, erg\u00e4nzte Anna Pyschny (AWO). Wegen der mangelnden Landesf\u00f6rderung reiche insbesondere in &#8222;klammen Kommunen&#8220; das Budget nicht aus. Besser gestellte Eltern w\u00fcrden ihre Kinder vom Ganztag abmelden und sie privat f\u00f6rdern, hat Pyschny beobachtete.<\/p>\n<div id=\"attachment_12078\" style=\"width: 710px\" class=\"wp-caption aligncenter\"><a href=\"https:\/\/meier-gerdingh.de\/wp-spd-ob\/wp-content\/uploads\/2024\/12\/mdl-zimkeit-sozialverbaende-landtagsbesuch-2024-lg.jpg\"><img aria-describedby=\"caption-attachment-12078\" decoding=\"async\" class=\"size-full wp-image-12078\" src=\"https:\/\/meier-gerdingh.de\/wp-spd-ob\/wp-content\/uploads\/2024\/12\/mdl-zimkeit-sozialverbaende-landtagsbesuch-2024.jpg\" alt=\"\" width=\"700\" height=\"467\" srcset=\"https:\/\/meier-gerdingh.de\/wp-spd-ob\/wp-content\/uploads\/2024\/12\/mdl-zimkeit-sozialverbaende-landtagsbesuch-2024.jpg 700w, https:\/\/meier-gerdingh.de\/wp-spd-ob\/wp-content\/uploads\/2024\/12\/mdl-zimkeit-sozialverbaende-landtagsbesuch-2024-300x200.jpg 300w\" sizes=\"(max-width: 700px) 100vw, 700px\" \/><\/a><p id=\"caption-attachment-12078\" class=\"wp-caption-text\">MdL Stefan Zimkeit mit Vertreterinnen und Vertretern der Oberhausener Sozialverb\u00e4nde im Landtag von Nordrhein-Westfalen<\/p><\/div>\n<p>Immerhin habe Oberhausens K\u00e4mmerer daf\u00fcr gesorgt, dass die Stadt nach der letztj\u00e4hrigen Tariferh\u00f6hung f\u00fcr die Besch\u00e4ftigten kurzfristig eingesprungen sei, berichtete Kurbel-Gesch\u00e4ftsf\u00fchrer Frank Jan\u00dfen. &#8222;So etwas ist extrem nervenaufreibend. Wie soll ich Fachkr\u00e4fte halten, wenn es immer nur eine Absicherung von Schuljahr zu Schuljahr gibt?&#8220; Dies gelte sowohl f\u00fcr den offenen Ganztag als auch f\u00fcr die Schulsozialarbeit.<\/p>\n<p>Stefan Zimkeit kritisierte, dass es f\u00fcr den offenen Ganztag weiterhin keine gesetzlichen Qualit\u00e4tsstandards gibt, obwohl ab 2026 der Rechtsanspruch auf schulischen Ganztag gelte. Stephan Lensing (Caritas) wies darauf hin, dass der momentane Betreuungsschl\u00fcssel nur noch bei 1 zu 80 l\u00e4ge, obwohl unter anderem durch mehr Kinder mit besonderem F\u00f6rderbedarf die Anforderungen gewachsen sind.<\/p>\n<p>Der SPD-Finanzexperte Zimkeit k\u00fcndigte ein &#8222;Rettungspaket&#8220; f\u00fcr den offenen Ganztag an, das noch in diesem Jahr von der SPD in den Landtag eingebracht wird. &#8222;\u00dcber den Ganztag wird zu selten gesprochen&#8220;, forderte er mehr Wertsch\u00e4tzung f\u00fcr das, was dort geleistet wird.<\/p>\n<p>&#8222;Das Land muss die steigenden Kosten allein deshalb auffangen, weil sonst ein Ausstieg von Tr\u00e4gerverb\u00e4nden droht&#8220;, so Zimkeit. &#8222;Au\u00dferdem muss NRW mehr in die Ganztagsschulen investieren, was bei oft maroden Schulgeb\u00e4uden besonders dringend ist&#8220;, forderte er die Neuauflage des &#8222;Gute Schule&#8220;-Programms.<\/p>\n","protected":false},"excerpt":{"rendered":"<p>Stefan Zimkeit hat bei einem Treffen mit den Oberhausener Sozialverb\u00e4nden auf die weiterhin erheblichen Folgen der Haushaltsk\u00fcrzungen hingewiesen. &#8222;Die Behauptung der Landesregierung, statt 83 Millionen nur noch 40 Millionen bei&hellip; <\/p>\n","protected":false},"author":1,"featured_media":0,"comment_status":"closed","ping_status":"closed","sticky":false,"template":"","format":"standard","meta":{"footnotes":""},"categories":[98,216,2],"tags":[2566,4259,3051,2553,123,3695,1842,4260,1784],"quellen":[331],"class_list":["post-12082","post","type-post","status-publish","format-standard","hentry","category-finanzen","category-land","category-schule","tag-ganztagsschulen","tag-kuerzungen-sozialbereich","tag-offene-ganztagsgrundschulen","tag-offener-ganztag","tag-schulsozialarbeit","tag-sozialtraeger","tag-sozialverbaende","tag-sparplaene-der-landesregierung","tag-wohlfahrtsverbaende","quellen-mdl-stefan-zimkeit"],"_links":{"self":[{"href":"https:\/\/meier-gerdingh.de\/wp-spd-ob\/wp-json\/wp\/v2\/posts\/12082","targetHints":{"allow":["GET"]}}],"collection":[{"href":"https:\/\/meier-gerdingh.de\/wp-spd-ob\/wp-json\/wp\/v2\/posts"}],"about":[{"href":"https:\/\/meier-gerdingh.de\/wp-spd-ob\/wp-json\/wp\/v2\/types\/post"}],"author":[{"embeddable":true,"href":"https:\/\/meier-gerdingh.de\/wp-spd-ob\/wp-json\/wp\/v2\/users\/1"}],"replies":[{"embeddable":true,"href":"https:\/\/meier-gerdingh.de\/wp-spd-ob\/wp-json\/wp\/v2\/comments?post=12082"}],"version-history":[{"count":0,"href":"https:\/\/meier-gerdingh.de\/wp-spd-ob\/wp-json\/wp\/v2\/posts\/12082\/revisions"}],"wp:attachment":[{"href":"https:\/\/meier-gerdingh.de\/wp-spd-ob\/wp-json\/wp\/v2\/media?parent=12082"}],"wp:term":[{"taxonomy":"category","embeddable":true,"href":"https:\/\/meier-gerdingh.de\/wp-spd-ob\/wp-json\/wp\/v2\/categories?post=12082"},{"taxonomy":"post_tag","embeddable":true,"href":"https:\/\/meier-gerdingh.de\/wp-spd-ob\/wp-json\/wp\/v2\/tags?post=12082"},{"taxonomy":"quellen","embeddable":true,"href":"https:\/\/meier-gerdingh.de\/wp-spd-ob\/wp-json\/wp\/v2\/quellen?post=12082"}],"curies":[{"name":"wp","href":"https:\/\/api.w.org\/{rel}","templated":true}]}}