{"id":12088,"date":"2024-12-13T16:44:59","date_gmt":"2024-12-13T15:44:59","guid":{"rendered":"https:\/\/meier-gerdingh.de\/wp-spd-ob\/?p=12088"},"modified":"2024-12-13T16:44:59","modified_gmt":"2024-12-13T15:44:59","slug":"schuelerinnen-vertreten-oberhausener-abgeordnete-im-rahmen-des-jugendlandtags-nrw","status":"publish","type":"post","link":"https:\/\/meier-gerdingh.de\/wp-spd-ob\/2024\/12\/13\/schuelerinnen-vertreten-oberhausener-abgeordnete-im-rahmen-des-jugendlandtags-nrw\/","title":{"rendered":"Sch\u00fclerinnen vertreten Oberhausener Abgeordnete im Rahmen des Jugendlandtags NRW"},"content":{"rendered":"<div id=\"attachment_12086\" style=\"width: 710px\" class=\"wp-caption aligncenter\"><a href=\"https:\/\/meier-gerdingh.de\/wp-spd-ob\/wp-content\/uploads\/2024\/12\/jugendlandtag-2024-lg.jpg\"><img aria-describedby=\"caption-attachment-12086\" decoding=\"async\" class=\"size-full wp-image-12086\" src=\"https:\/\/meier-gerdingh.de\/wp-spd-ob\/wp-content\/uploads\/2024\/12\/jugendlandtag-2024.jpg\" alt=\"\" width=\"700\" height=\"467\" srcset=\"https:\/\/meier-gerdingh.de\/wp-spd-ob\/wp-content\/uploads\/2024\/12\/jugendlandtag-2024.jpg 700w, https:\/\/meier-gerdingh.de\/wp-spd-ob\/wp-content\/uploads\/2024\/12\/jugendlandtag-2024-300x200.jpg 300w\" sizes=\"(max-width: 700px) 100vw, 700px\" \/><\/a><p id=\"caption-attachment-12086\" class=\"wp-caption-text\">Von links: Frederick Cordes, Ilaria Imparato, Nadine Pawlinsky, Stefan Zimkeit, Charleen Kalamarz, Sonja Bongers (Quelle: B\u00fcro Cordes)<\/p><\/div>\n<p>Drei Oberhausener Sch\u00fclerinnen geh\u00f6rten drei Tage lang dem Landtag in D\u00fcsseldorf an und nahmen dabei auf den St\u00fchlen der \u00f6rtlichen Landtagsabgeordneten Platz. <strong>Charleen Kalamarz<\/strong> (18) \u00fcbernahm die Rolle von Stefan Zimkeit, <strong>Ilaria Imparato<\/strong> (17) vertrat Sonja Bongers, und <strong>Nadine Pawlinsky<\/strong> (18) nahm den Sitz von Frederick Cordes ein.<\/p>\n<p>&#8222;Es war eine unglaublich spannende Erfahrung, bei der ich viel \u00fcber den politischen Alltag gelernt habe&#8220;, sagte Charleen Kalamarz bei einem anschlie\u00dfenden Treffen mit Bongers, Cordes und Zimkeit. Kalamarz besucht genauso wie Imparato und Pawlinsky die M\u00fclheimer Willy-Brandt-Gesamtschule. &#8222;Man hat ja sonst nur eine grobe Vorstellung, wie zum Beispiel so eine Fraktionssitzung abl\u00e4uft. Wenn man dann pl\u00f6tzlich selbst mal an einer teilnimmt und f\u00fcr seine Sache argumentieren muss, merkt man, wie anstrengend das ist, aber auch, wie viel Spa\u00df es macht&#8220;, betonte Charleen Kalamarz.<!--more--><\/p>\n<p>Insgesamt nahmen 190 Jugendliche im Alter von 16 und 20 Jahren am diesj\u00e4hrigen Jugendlandtag teil. In den Fraktions-, Ausschuss- und Plenarsitzungen standen vor allem die Themen &#8222;Mentale Gesundheit&#8220; und &#8222;Finanzbildung in der Schule&#8220; im Mittelpunkt der Debatten.<\/p>\n<p>Ilaria Imparato meinte, dass der Jugendlandtag eine gute M\u00f6glichkeit sei, einmal auszuprobieren, sich f\u00fcr die richtige Sache einzusetzen. &#8222;Ich fand die Teilnahme am Jugendlandtag wichtig, weil so auch mal Themen diskutiert werden, die bei den sonstigen Debatten im Landtag vielleicht keine so gro\u00dfe Rolle spielen&#8220;, berichtete Nadine Pawlinsky. &#8222;Gerade die Frage von mentaler Gesundheit besch\u00e4ftigt total viele Menschen in meinem Umfeld, und durch den Jugendlandtag hatten wir die M\u00f6glichkeit, das Thema auch mal auf der gro\u00dfen politischen B\u00fchne auf die Agenda zu setzen.&#8220;<\/p>\n<p>&#8222;Ich fand die Teilnahme am Jugendlandtag wichtig, weil so auch mal Themen diskutiert werden, die bei den sonstigen Debatten im Landtag vielleicht keine so gro\u00dfe Rolle spielen&#8220;, berichtete Nadine Pawlinsky. &#8222;Gerade die Frage von mentaler Gesundheit besch\u00e4ftigt total viele Menschen in meinem Umfeld und durch den Jugendlandtag hatten wir die M\u00f6glichkeit, das Thema auch mal auf der gro\u00dfen politischen B\u00fchne auf die Agenda zu setzen.&#8220;<\/p>\n<p>Die angesprochenen Oberhausener Abgeordneten zeigten sich begeistert vom Einsatz ihrer Vertretungen. &#8222;Ich fand es beeindruckend, mit wie viel Leidenschaft und Klarheit die Teilnehmerinnen f\u00fcr ihre Anliegen gestritten haben&#8220;, erkl\u00e4rte Stefan Zimkeit. &#8222;Von der Energie k\u00f6nnen wir uns als Abgeordnete manchmal noch eine Scheibe abschneiden.&#8220;<\/p>\n<p>Sonja Bongers hob hervor, dass der Jugendlandtag jungen Menschen die M\u00f6glichkeit gebe, ihre Perspektiven in die politische Arbeit einzubringen. &#8222;Das ist nicht nur f\u00fcr die Teilnehmerinnen eine wertvolle Erfahrung, sondern auch f\u00fcr uns eine wichtige R\u00fcckmeldung.&#8220; Frederick Cordes beklagte, dass zu oft \u00fcber junge Menschen und deren vermeintliche Politikverdrossenheit gesprochen werde. &#8222;Im Rahmen des Jugendlandtags kommen diese selbst zu Wort und machen deutlich: Verdrossen ist da niemand, sondern sie wollen geh\u00f6rt und ernst genommen werden. Das muss uns Auftrag sein.&#8220;<\/p>\n<p>Die Ergebnisse des Jugendlandtags werden nun in den zust\u00e4ndigen Fachaussch\u00fcssen im Landtag NRW weiter diskutiert. Wer daran interessiert ist, ebenfalls einmal f\u00fcr mehrere Tage in die parlamentarische Rolle zu schl\u00fcpfen, hat dazu im n\u00e4chsten Jahr wieder die Gelegenheit. Dann findet der n\u00e4chste Jugendlandtag vom 13. bis zum 15. November 2025 statt. Bewerbungen k\u00f6nnen an die Abgeordneten gerichtet werden.<\/p>\n","protected":false},"excerpt":{"rendered":"<p>Drei Oberhausener Sch\u00fclerinnen geh\u00f6rten drei Tage lang dem Landtag in D\u00fcsseldorf an und nahmen dabei auf den St\u00fchlen der \u00f6rtlichen Landtagsabgeordneten Platz. Charleen Kalamarz (18) \u00fcbernahm die Rolle von Stefan&hellip; <\/p>\n","protected":false},"author":1,"featured_media":0,"comment_status":"closed","ping_status":"closed","sticky":false,"template":"","format":"standard","meta":{"footnotes":""},"categories":[179,216],"tags":[796,4096,219],"quellen":[2806,1317,331],"class_list":["post-12088","post","type-post","status-publish","format-standard","hentry","category-kinder-und-jugendliche","category-land","tag-jugendlandtag","tag-jugendlandtag-2024","tag-landtag-nrw","quellen-mdl-frederick-cordes","quellen-mdl-sonja-bongers","quellen-mdl-stefan-zimkeit"],"_links":{"self":[{"href":"https:\/\/meier-gerdingh.de\/wp-spd-ob\/wp-json\/wp\/v2\/posts\/12088","targetHints":{"allow":["GET"]}}],"collection":[{"href":"https:\/\/meier-gerdingh.de\/wp-spd-ob\/wp-json\/wp\/v2\/posts"}],"about":[{"href":"https:\/\/meier-gerdingh.de\/wp-spd-ob\/wp-json\/wp\/v2\/types\/post"}],"author":[{"embeddable":true,"href":"https:\/\/meier-gerdingh.de\/wp-spd-ob\/wp-json\/wp\/v2\/users\/1"}],"replies":[{"embeddable":true,"href":"https:\/\/meier-gerdingh.de\/wp-spd-ob\/wp-json\/wp\/v2\/comments?post=12088"}],"version-history":[{"count":0,"href":"https:\/\/meier-gerdingh.de\/wp-spd-ob\/wp-json\/wp\/v2\/posts\/12088\/revisions"}],"wp:attachment":[{"href":"https:\/\/meier-gerdingh.de\/wp-spd-ob\/wp-json\/wp\/v2\/media?parent=12088"}],"wp:term":[{"taxonomy":"category","embeddable":true,"href":"https:\/\/meier-gerdingh.de\/wp-spd-ob\/wp-json\/wp\/v2\/categories?post=12088"},{"taxonomy":"post_tag","embeddable":true,"href":"https:\/\/meier-gerdingh.de\/wp-spd-ob\/wp-json\/wp\/v2\/tags?post=12088"},{"taxonomy":"quellen","embeddable":true,"href":"https:\/\/meier-gerdingh.de\/wp-spd-ob\/wp-json\/wp\/v2\/quellen?post=12088"}],"curies":[{"name":"wp","href":"https:\/\/api.w.org\/{rel}","templated":true}]}}