{"id":12089,"date":"2024-12-10T16:47:50","date_gmt":"2024-12-10T15:47:50","guid":{"rendered":"https:\/\/meier-gerdingh.de\/wp-spd-ob\/?p=12089"},"modified":"2024-12-13T16:50:35","modified_gmt":"2024-12-13T15:50:35","slug":"sonja-bongers-bleibt-rechtspolitische-sprecherin-2","status":"publish","type":"post","link":"https:\/\/meier-gerdingh.de\/wp-spd-ob\/2024\/12\/10\/sonja-bongers-bleibt-rechtspolitische-sprecherin-2\/","title":{"rendered":"Sonja Bongers bleibt rechtspolitische Sprecherin"},"content":{"rendered":"<div id=\"attachment_7690\" style=\"width: 170px\" class=\"wp-caption alignleft\"><a href=\"https:\/\/meier-gerdingh.de\/wp-spd-ob\/wp-content\/uploads\/2020\/11\/bongers-sonja-2020-lg.jpg\"><img aria-describedby=\"caption-attachment-7690\" decoding=\"async\" class=\"size-full wp-image-7690\" src=\"https:\/\/meier-gerdingh.de\/wp-spd-ob\/wp-content\/uploads\/2020\/11\/bongers-sonja-2020.jpg\" alt=\"\" width=\"160\" height=\"200\" \/><\/a><p id=\"caption-attachment-7690\" class=\"wp-caption-text\">Sonja Bongers ist Vorsitzende der SPD-Ratsfraktion und Mitglied des Landtags von Nordrhein-Westfalen<\/p><\/div>\n<p>Die SPD-Landtagsabgeordnete Sonja Bongers ist erneut zur rechtspolitischen Sprecherin der Landtagsfraktion gew\u00e4hlt worden. Turnusgem\u00e4\u00df wurde die Oberhausenerin im Rahmen der Fraktionsvorstandswahlen in ihrer Funktion best\u00e4tigt.<\/p>\n<p>&#8222;Ich freue mich sehr dar\u00fcber, dass ich erneut die Rechtspolitik f\u00fcr unsere Fraktion mitgestalten darf. Wie sich in der Vergangenheit gezeigt hat, ist die Justizpolitik nicht immer ohne Zwischenf\u00e4lle abgelaufen. Als Beispiel nenne ich das Besetzungsverfahren zur Pr\u00e4sidentenstelle beim Oberverwaltungsgericht (OVG) oder die mangelhafte Personalpolitik in der Justiz in NRW.&#8220;<!--more--><\/p>\n<h3 class=\"spd-ob-crossheading\">Genug zu tun<\/h3>\n<p>Bongers weiter: &#8222;Die Stelle beim OVG ist seit vier Jahren nicht besetzt. Ein Verfahrensfehler und eine undurchsichtige Auswahl der Bewerberin wurden im Rahmen eines Untersuchungsausschusses aufgedeckt. Derzeit laufen weitere Untersuchungen durch den Ausschuss. Dies belastet den amtierenden NRW-Justizminister Benjamin Limbach. Limbach ist auch f\u00fcr die derzeitige Personalpolitik in der Justiz verantwortlich.<\/p>\n<p>Das sind gro\u00dfe Baustellen, die das Land belasten und vor allem k\u00fcnftig Auswirkungen haben werden. Eine nicht transparente Stellenbesetzung und dazu ein Personalmangel auf allen Ebenen der Justiz werden das Land l\u00e4hmen&#8220;, so die Juristin. Dabei sei eine gut funktionierende Justiz unabdingbar f\u00fcr eine gut funktionierende Demokratie, so Bongers.<\/p>\n","protected":false},"excerpt":{"rendered":"<p>Die SPD-Landtagsabgeordnete Sonja Bongers ist erneut zur rechtspolitischen Sprecherin der Landtagsfraktion gew\u00e4hlt worden. Turnusgem\u00e4\u00df wurde die Oberhausenerin im Rahmen der Fraktionsvorstandswahlen in ihrer Funktion best\u00e4tigt. &#8222;Ich freue mich sehr dar\u00fcber,&hellip; <\/p>\n","protected":false},"author":1,"featured_media":0,"comment_status":"closed","ping_status":"closed","sticky":false,"template":"","format":"standard","meta":{"footnotes":""},"categories":[216,2169],"tags":[1760,2082,3026,3803,4316,3045,4317,2390,961],"quellen":[1317],"class_list":["post-12089","post","type-post","status-publish","format-standard","hentry","category-land","category-personalien","tag-justiz","tag-nrw-justiz","tag-nrw-justizminister","tag-oberverwaltungsgericht-nrw","tag-ovg-nrw","tag-personalmangel","tag-rechtspolitik","tag-rechtspolitische-sprecherin","tag-spd-landtagsfraktion","quellen-mdl-sonja-bongers"],"_links":{"self":[{"href":"https:\/\/meier-gerdingh.de\/wp-spd-ob\/wp-json\/wp\/v2\/posts\/12089","targetHints":{"allow":["GET"]}}],"collection":[{"href":"https:\/\/meier-gerdingh.de\/wp-spd-ob\/wp-json\/wp\/v2\/posts"}],"about":[{"href":"https:\/\/meier-gerdingh.de\/wp-spd-ob\/wp-json\/wp\/v2\/types\/post"}],"author":[{"embeddable":true,"href":"https:\/\/meier-gerdingh.de\/wp-spd-ob\/wp-json\/wp\/v2\/users\/1"}],"replies":[{"embeddable":true,"href":"https:\/\/meier-gerdingh.de\/wp-spd-ob\/wp-json\/wp\/v2\/comments?post=12089"}],"version-history":[{"count":0,"href":"https:\/\/meier-gerdingh.de\/wp-spd-ob\/wp-json\/wp\/v2\/posts\/12089\/revisions"}],"wp:attachment":[{"href":"https:\/\/meier-gerdingh.de\/wp-spd-ob\/wp-json\/wp\/v2\/media?parent=12089"}],"wp:term":[{"taxonomy":"category","embeddable":true,"href":"https:\/\/meier-gerdingh.de\/wp-spd-ob\/wp-json\/wp\/v2\/categories?post=12089"},{"taxonomy":"post_tag","embeddable":true,"href":"https:\/\/meier-gerdingh.de\/wp-spd-ob\/wp-json\/wp\/v2\/tags?post=12089"},{"taxonomy":"quellen","embeddable":true,"href":"https:\/\/meier-gerdingh.de\/wp-spd-ob\/wp-json\/wp\/v2\/quellen?post=12089"}],"curies":[{"name":"wp","href":"https:\/\/api.w.org\/{rel}","templated":true}]}}