{"id":1214,"date":"2014-03-14T09:22:05","date_gmt":"2014-03-14T07:22:05","guid":{"rendered":"http:\/\/www.meier-gerdingh.de\/spd-oberhausen\/wp\/?p=1214"},"modified":"2017-01-03T17:03:53","modified_gmt":"2017-01-03T16:03:53","slug":"schacht-iv-kehrt-zurueck-nach-osterfeld","status":"publish","type":"post","link":"https:\/\/meier-gerdingh.de\/wp-spd-ob\/2014\/03\/14\/schacht-iv-kehrt-zurueck-nach-osterfeld\/","title":{"rendered":"&#8222;Schacht IV&#8220; kehrt zur\u00fcck nach Osterfeld"},"content":{"rendered":"<div id=\"attachment_1594\" style=\"width: 210px\" class=\"wp-caption alignleft\"><a href=\"http:\/\/meier-gerdingh.de\/wp-spd-ob\/wp-content\/uploads\/schacht_4.jpg\"><img aria-describedby=\"caption-attachment-1594\" decoding=\"async\" class=\"size-full wp-image-1594\" src=\"http:\/\/meier-gerdingh.de\/wp-spd-ob\/wp-content\/uploads\/schacht_4.jpg\" alt=\"Denkmalgesch\u00fctzt: Der F\u00f6rderturm von Schacht IV der ehemaligen Zeche Osterfeld\" width=\"200\" height=\"147\" \/><\/a><p id=\"caption-attachment-1594\" class=\"wp-caption-text\">Denkmalgesch\u00fctzt: Der F\u00f6rderturm von Schacht IV der ehemaligen Zeche Osterfeld<\/p><\/div>\n<p>Erinnerungen werden bei vielen B\u00fcrgerinnen und B\u00fcrgern in Osterfeld wach, wenn sie an den ehemaligen Zechenschacht IV denken. Nun soll der &#8222;Schacht&#8220; zur\u00fcck in den Stadtteil kommen. Auf Initiative der SPD-Ratskandidatin Silke Jacobs stellen die SPD-Fraktion und die Gr\u00fcnen in der n\u00e4chsten Sitzung der Bezirksvertretung Osterfeld am 25. M\u00e4rz einen Antrag, um eine neu geplante Stra\u00dfe nach dem ehemaligen &#8222;Schacht IV&#8220; zu benennen.<!--more--><\/p>\n<p>&#8222;Mit der Benennung der Stra\u00dfe in &#8218;Am Schacht IV&#8216; wollen wir eine inhaltliche Verkn\u00fcpfung des historischen Ortes mit dem Neubaugebiet herstellen. Damit bringen wir die Wertsch\u00e4tzung gegen\u00fcber den Besch\u00e4ftigten der ehemaligen Schachtanlage zum Ausdruck&#8220;, erkl\u00e4rt Silke Jacobs, die bei der Kommunalwahl f\u00fcr die SPD im Wahlkreis Klosterhardt-S\u00fcd kandidiert.<\/p>\n<p>&#8222;Eine gute Idee, die wir in der n\u00e4chsten Sitzung der Bezirksvertretung gerne aufgreifen. Traditionspflege an dieser symboltr\u00e4chtigen Stelle ist uns ein Anliegen&#8220;, erg\u00e4nzt Thomas Krey, aktueller SPD-Fraktionschef in Osterfeld und Bezirksb\u00fcrgermeisterkandidat der SPD.<\/p>\n<p>Die neue Stra\u00dfe &#8222;Am Schacht IV&#8220; wird vom Wegverlauf an die Stra\u00dfe &#8222;Zum D\u00f6rnbusch&#8220; angebunden sein und diese verl\u00e4ngern.<\/p>\n","protected":false},"excerpt":{"rendered":"<p>Erinnerungen werden bei vielen B\u00fcrgerinnen und B\u00fcrgern in Osterfeld wach, wenn sie an den ehemaligen Zechenschacht IV denken. Nun soll der &#8222;Schacht&#8220; zur\u00fcck in den Stadtteil kommen. Auf Initiative der&hellip; <\/p>\n","protected":false},"author":1,"featured_media":0,"comment_status":"closed","ping_status":"closed","sticky":false,"template":"","format":"standard","meta":{"footnotes":""},"categories":[167],"tags":[41,124,125],"quellen":[326],"class_list":["post-1214","post","type-post","status-publish","format-standard","hentry","category-stadtteile","tag-osterfeld","tag-schacht-iv","tag-zeche-osterfeld","quellen-spd-fraktion-oberhausen"],"_links":{"self":[{"href":"https:\/\/meier-gerdingh.de\/wp-spd-ob\/wp-json\/wp\/v2\/posts\/1214","targetHints":{"allow":["GET"]}}],"collection":[{"href":"https:\/\/meier-gerdingh.de\/wp-spd-ob\/wp-json\/wp\/v2\/posts"}],"about":[{"href":"https:\/\/meier-gerdingh.de\/wp-spd-ob\/wp-json\/wp\/v2\/types\/post"}],"author":[{"embeddable":true,"href":"https:\/\/meier-gerdingh.de\/wp-spd-ob\/wp-json\/wp\/v2\/users\/1"}],"replies":[{"embeddable":true,"href":"https:\/\/meier-gerdingh.de\/wp-spd-ob\/wp-json\/wp\/v2\/comments?post=1214"}],"version-history":[{"count":0,"href":"https:\/\/meier-gerdingh.de\/wp-spd-ob\/wp-json\/wp\/v2\/posts\/1214\/revisions"}],"wp:attachment":[{"href":"https:\/\/meier-gerdingh.de\/wp-spd-ob\/wp-json\/wp\/v2\/media?parent=1214"}],"wp:term":[{"taxonomy":"category","embeddable":true,"href":"https:\/\/meier-gerdingh.de\/wp-spd-ob\/wp-json\/wp\/v2\/categories?post=1214"},{"taxonomy":"post_tag","embeddable":true,"href":"https:\/\/meier-gerdingh.de\/wp-spd-ob\/wp-json\/wp\/v2\/tags?post=1214"},{"taxonomy":"quellen","embeddable":true,"href":"https:\/\/meier-gerdingh.de\/wp-spd-ob\/wp-json\/wp\/v2\/quellen?post=1214"}],"curies":[{"name":"wp","href":"https:\/\/api.w.org\/{rel}","templated":true}]}}