{"id":12150,"date":"2024-12-16T12:36:16","date_gmt":"2024-12-16T11:36:16","guid":{"rendered":"https:\/\/meier-gerdingh.de\/wp-spd-ob\/?p=12150"},"modified":"2024-12-17T12:52:24","modified_gmt":"2024-12-17T11:52:24","slug":"stefan-zimkeit-fordert-aenderungen","status":"publish","type":"post","link":"https:\/\/meier-gerdingh.de\/wp-spd-ob\/2024\/12\/16\/stefan-zimkeit-fordert-aenderungen\/","title":{"rendered":"Stefan Zimkeit fordert \u00c4nderungen"},"content":{"rendered":"<p><div id=\"attachment_9529\" style=\"width: 170px\" class=\"wp-caption alignleft\"><a href=\"https:\/\/meier-gerdingh.de\/wp-spd-ob\/wp-content\/uploads\/2022\/10\/zimkeit-stefan-22-lg.jpg\"><img aria-describedby=\"caption-attachment-9529\" decoding=\"async\" src=\"https:\/\/meier-gerdingh.de\/wp-spd-ob\/wp-content\/uploads\/2022\/10\/zimkeit-stefan-22.jpg\" alt=\"\" width=\"160\" height=\"200\" class=\"size-full wp-image-9529\" \/><\/a><p id=\"caption-attachment-9529\" class=\"wp-caption-text\">Stefan Zimkeit ist Landtagsabgeordneter f\u00fcr Oberhausen-Sterkrade und Dinslaken<\/p><\/div>&#8222;Im Interesse Oberhausens und der B\u00fcrgerinnen und B\u00fcrger werde ich den NRW-Haushalt in der jetzigen Form ablehnen&#8220;, sagt Stefan Zimkeit. Der SPD-Finanzexperte hat an einigen \u00c4nderungsantr\u00e4gen mitgearbeitet, die noch im Landtagsplenum beraten werden, um unsoziale K\u00fcrzungen zu verhindern. &#8222;Aber ich glaube nicht daran, dass sich die schwarz-gr\u00fcne Koalition noch bewegt.&#8220;<\/p>\n<p>Ein Ziel von Stefan Zimkeit ist es, mehr Geld f\u00fcr die St\u00e4dte zu Verf\u00fcgung zu stellen. &#8222;Um den gesellschaftlichen Zusammenhalt zu st\u00e4rken, brauchen wir handlungsf\u00e4hige Kommunen. Das ist ohne eine h\u00f6here finanzielle Umlage aber nicht zu gew\u00e4hrleisten.&#8220;<!--more--><\/p>\n<p>Zweiter Schwerpunkt ist die R\u00fccknahme s\u00e4mtlicher Sozialk\u00fcrzungen. &#8222;Zwar sind CDU und Gr\u00fcne inzwischen zur\u00fcckgerudert, aber es bleibt bei massiven K\u00fcrzungen: 22 Millionen Euro weniger bei sozialen Diensten, neun Millionen bei alten Menschen, 2,6 Millionen bei Menschen mit Behinderungen und so weiter. Dem kann ich nicht zustimmen.&#8220;<\/p>\n<p>Erhebliche Finanzierungsprobleme sieht Zimkeit auch bei den Kitas und den Schulen. &#8222;Hier gibt es zwar keine K\u00fcrzungen. Aber wie alle betroffenen Familien wissen: die Situation ist katastrophal.&#8220; Deshalb brauche es ein &#8222;Rettungspaket&#8220; sowohl f\u00fcr die Kitas als auch die offenen Ganztagsschulen, um die Tr\u00e4gerverb\u00e4nde zu unterst\u00fctzen. <\/p>\n<p>&#8222;Au\u00dferdem wird die SPD ein umfangreiches Investitionsprogramm &#8218;Gute Schule&#8216; beantragen. Denn die St\u00e4dte m\u00fcssen unterst\u00fctzt werden, um Geb\u00e4ude zu bauen, zu sanieren und f\u00fcr eine zeitgem\u00e4\u00dfe digitale Infrastruktur zu sorgen.&#8220;<\/p>\n","protected":false},"excerpt":{"rendered":"<p>&#8222;Im Interesse Oberhausens und der B\u00fcrgerinnen und B\u00fcrger werde ich den NRW-Haushalt in der jetzigen Form ablehnen&#8220;, sagt Stefan Zimkeit. Der SPD-Finanzexperte hat an einigen \u00c4nderungsantr\u00e4gen mitgearbeitet, die noch im&hellip; <\/p>\n","protected":false},"author":1,"featured_media":0,"comment_status":"closed","ping_status":"closed","sticky":false,"template":"","format":"standard","meta":{"footnotes":""},"categories":[98,216],"tags":[14,4259,565,4191,1096,4193,4320,3695,1842,4260,1784],"quellen":[331],"class_list":["post-12150","post","type-post","status-publish","format-standard","hentry","category-finanzen","category-land","tag-kommunalfinanzen","tag-kuerzungen-sozialbereich","tag-landeshaushalt","tag-landeshaushalt-2025","tag-nrw-haushalt","tag-nrw-haushalt-2025","tag-programm-gute-schule","tag-sozialtraeger","tag-sozialverbaende","tag-sparplaene-der-landesregierung","tag-wohlfahrtsverbaende","quellen-mdl-stefan-zimkeit"],"_links":{"self":[{"href":"https:\/\/meier-gerdingh.de\/wp-spd-ob\/wp-json\/wp\/v2\/posts\/12150","targetHints":{"allow":["GET"]}}],"collection":[{"href":"https:\/\/meier-gerdingh.de\/wp-spd-ob\/wp-json\/wp\/v2\/posts"}],"about":[{"href":"https:\/\/meier-gerdingh.de\/wp-spd-ob\/wp-json\/wp\/v2\/types\/post"}],"author":[{"embeddable":true,"href":"https:\/\/meier-gerdingh.de\/wp-spd-ob\/wp-json\/wp\/v2\/users\/1"}],"replies":[{"embeddable":true,"href":"https:\/\/meier-gerdingh.de\/wp-spd-ob\/wp-json\/wp\/v2\/comments?post=12150"}],"version-history":[{"count":0,"href":"https:\/\/meier-gerdingh.de\/wp-spd-ob\/wp-json\/wp\/v2\/posts\/12150\/revisions"}],"wp:attachment":[{"href":"https:\/\/meier-gerdingh.de\/wp-spd-ob\/wp-json\/wp\/v2\/media?parent=12150"}],"wp:term":[{"taxonomy":"category","embeddable":true,"href":"https:\/\/meier-gerdingh.de\/wp-spd-ob\/wp-json\/wp\/v2\/categories?post=12150"},{"taxonomy":"post_tag","embeddable":true,"href":"https:\/\/meier-gerdingh.de\/wp-spd-ob\/wp-json\/wp\/v2\/tags?post=12150"},{"taxonomy":"quellen","embeddable":true,"href":"https:\/\/meier-gerdingh.de\/wp-spd-ob\/wp-json\/wp\/v2\/quellen?post=12150"}],"curies":[{"name":"wp","href":"https:\/\/api.w.org\/{rel}","templated":true}]}}