{"id":12154,"date":"2024-12-18T15:16:47","date_gmt":"2024-12-18T14:16:47","guid":{"rendered":"https:\/\/meier-gerdingh.de\/wp-spd-ob\/?p=12154"},"modified":"2025-02-04T16:48:09","modified_gmt":"2025-02-04T15:48:09","slug":"schwarzer-tag-fuer-oberhausens-wohnungsbau","status":"publish","type":"post","link":"https:\/\/meier-gerdingh.de\/wp-spd-ob\/2024\/12\/18\/schwarzer-tag-fuer-oberhausens-wohnungsbau\/","title":{"rendered":"Schwarzer Tag f\u00fcr Oberhausens Wohnungsbau"},"content":{"rendered":"<div id=\"attachment_9434\" style=\"width: 170px\" class=\"wp-caption alignleft\"><a href=\"https:\/\/meier-gerdingh.de\/wp-spd-ob\/wp-content\/uploads\/2022\/10\/real-ulrich-portrait-lg.jpg\"><img aria-describedby=\"caption-attachment-9434\" decoding=\"async\" class=\"size-full wp-image-9434\" src=\"https:\/\/meier-gerdingh.de\/wp-spd-ob\/wp-content\/uploads\/2022\/10\/real-ulrich-portrait.jpg\" alt=\"\" width=\"160\" height=\"200\" \/><\/a><p id=\"caption-attachment-9434\" class=\"wp-caption-text\">Ulrich Real ist Bezirksb\u00fcrgermeister von Sterkrade und planungspolitischer Sprecher der SPD-Ratsfraktion<\/p><\/div>\n<p>Auch zwei Tage nach der letzten Ratssitzung des Jahres ist Ulrich Real, planungspolitischer Sprecher der SPD-Fraktion, immer noch sprachlos \u00fcber das Abstimmungsverhalten der Linken Liste. Anfangs des Jahres hatte der Rat auf <a href=\"https:\/\/meier-gerdingh.de\/wp-spd-ob\/fraktion\/antraege\/einfuehrung-einer-quote-fuer-oeffentlich-gefoerderten-wohnungsbau\/\">Antrag der SPD<\/a> der Verwaltung den Auftrag erteilt, ein Konzept f\u00fcr die F\u00f6rderung des sozialen Wohnungsbaus zu erstellen. Dieses Konzept enth\u00e4lt f\u00fcnf Varianten, zwei davon empfahl die Verwaltung zur Beschlussfassung.<\/p>\n<p>W\u00e4hrend die vorgestellten Varianten eins und zwei lediglich &#8222;Kann-Formulierungen&#8220; f\u00fcr die Erf\u00fcllung einer 25-Prozent-Quote f\u00fcr den sozialen Wohnungsbau enthalten, schreibt die dritte Variante eine feste Quote von 25 Prozent vor. Da der F\u00f6rdertopf f\u00fcr den sozialen Wohnungsbau allerdings vom Land festgelegt wird, w\u00e4re mit dieser Variante der Wohnungsbau insgesamt in Oberhausen stark gef\u00e4hrdet, wenn der F\u00f6rdertopf ausgesch\u00f6pft w\u00fcrde.<\/p>\n<p><!--more--><\/p>\n<p>Mit Blick auf diesen m\u00f6glicherweise &#8222;leeren&#8220; F\u00f6rdertopf beschreiben die Varianten 4 und 5 eine dynamische Quote. &#8222;Wohnungsbau ist damit auch weiterhin m\u00f6glich, wenn der F\u00f6rdertopf leer ist&#8220;, erl\u00e4utert Ulrich Real. &#8222;Wir blockieren uns mit den Varianten 4 und 5 nicht selbst, es sind gute Varianten.&#8220; Dies sahen die Gr\u00fcnen und BOB genauso und signalisierten Zustimmung.<\/p>\n<p>&#8222;Ausgerechnet die Linke Fraktion hat sich bei der Abstimmung regelrecht verweigert&#8220;, \u00e4rgert sich Ulrich Real. Dagegen hatte ihr Sprecher noch in der Haushaltsrede betont, dass der soziale Wohnungsbau eines der Hauptanliegen der Linken Liste sei. &#8222;Das ist Politikverweigerung statt politischen Handelns f\u00fcr die B\u00fcrgerschaft&#8220;, so Real.<\/p>\n<p>Damit ist eine Quote f\u00fcr den sozialen Wohnungsbau f\u00fcr die n\u00e4chsten Jahre vom Tisch. &#8222;Ein schwarzer Montag f\u00fcr Oberhausen, weil die Linke Liste nur \u00dcberschriften-Politik macht, statt f\u00fcr die B\u00fcrgerschaft aktiv zu handeln&#8220;, erkl\u00e4rt Real abschlie\u00dfend.<\/p>\n","protected":false},"excerpt":{"rendered":"<p>Auch zwei Tage nach der letzten Ratssitzung des Jahres ist Ulrich Real, planungspolitischer Sprecher der SPD-Fraktion, immer noch sprachlos \u00fcber das Abstimmungsverhalten der Linken Liste. Anfangs des Jahres hatte der&hellip; <\/p>\n","protected":false},"author":1,"featured_media":0,"comment_status":"closed","ping_status":"closed","sticky":false,"template":"","format":"standard","meta":{"footnotes":""},"categories":[98,27],"tags":[1614,4328,1501,1881,108,2186],"quellen":[326],"class_list":["post-12154","post","type-post","status-publish","format-standard","hentry","category-finanzen","category-planen-bauen-wohnen-verkehr","tag-antrag","tag-quote-sozialer-wohnungsbau","tag-sozialer-wohnungsbau","tag-sozialwohnungen","tag-wohnungsbau","tag-wohnungsnot","quellen-spd-fraktion-oberhausen"],"_links":{"self":[{"href":"https:\/\/meier-gerdingh.de\/wp-spd-ob\/wp-json\/wp\/v2\/posts\/12154","targetHints":{"allow":["GET"]}}],"collection":[{"href":"https:\/\/meier-gerdingh.de\/wp-spd-ob\/wp-json\/wp\/v2\/posts"}],"about":[{"href":"https:\/\/meier-gerdingh.de\/wp-spd-ob\/wp-json\/wp\/v2\/types\/post"}],"author":[{"embeddable":true,"href":"https:\/\/meier-gerdingh.de\/wp-spd-ob\/wp-json\/wp\/v2\/users\/1"}],"replies":[{"embeddable":true,"href":"https:\/\/meier-gerdingh.de\/wp-spd-ob\/wp-json\/wp\/v2\/comments?post=12154"}],"version-history":[{"count":0,"href":"https:\/\/meier-gerdingh.de\/wp-spd-ob\/wp-json\/wp\/v2\/posts\/12154\/revisions"}],"wp:attachment":[{"href":"https:\/\/meier-gerdingh.de\/wp-spd-ob\/wp-json\/wp\/v2\/media?parent=12154"}],"wp:term":[{"taxonomy":"category","embeddable":true,"href":"https:\/\/meier-gerdingh.de\/wp-spd-ob\/wp-json\/wp\/v2\/categories?post=12154"},{"taxonomy":"post_tag","embeddable":true,"href":"https:\/\/meier-gerdingh.de\/wp-spd-ob\/wp-json\/wp\/v2\/tags?post=12154"},{"taxonomy":"quellen","embeddable":true,"href":"https:\/\/meier-gerdingh.de\/wp-spd-ob\/wp-json\/wp\/v2\/quellen?post=12154"}],"curies":[{"name":"wp","href":"https:\/\/api.w.org\/{rel}","templated":true}]}}