{"id":12160,"date":"2024-12-19T12:47:30","date_gmt":"2024-12-19T11:47:30","guid":{"rendered":"https:\/\/meier-gerdingh.de\/wp-spd-ob\/?p=12160"},"modified":"2024-12-19T12:47:30","modified_gmt":"2024-12-19T11:47:30","slug":"nrw-braucht-eine-foerderung-des-juristischen-nachwuchses-in-allen-bereichen","status":"publish","type":"post","link":"https:\/\/meier-gerdingh.de\/wp-spd-ob\/2024\/12\/19\/nrw-braucht-eine-foerderung-des-juristischen-nachwuchses-in-allen-bereichen\/","title":{"rendered":"NRW braucht eine F\u00f6rderung des juristischen Nachwuchses in allen Bereichen"},"content":{"rendered":"<p><a href=\"https:\/\/meier-gerdingh.de\/wp-spd-ob\/wp-content\/uploads\/2023\/03\/banner-diese-woche-im-landtag-01.jpg\"><img decoding=\"async\" class=\"aligncenter size-full wp-image-10267\" src=\"https:\/\/meier-gerdingh.de\/wp-spd-ob\/wp-content\/uploads\/2023\/03\/banner-diese-woche-im-landtag-01.jpg\" alt=\"\" width=\"700\" height=\"258\" srcset=\"https:\/\/meier-gerdingh.de\/wp-spd-ob\/wp-content\/uploads\/2023\/03\/banner-diese-woche-im-landtag-01.jpg 700w, https:\/\/meier-gerdingh.de\/wp-spd-ob\/wp-content\/uploads\/2023\/03\/banner-diese-woche-im-landtag-01-300x111.jpg 300w\" sizes=\"(max-width: 700px) 100vw, 700px\" \/><\/a>Nordrhein-Westfalens Justiz geht auf dem Zahnfleisch. Termine k\u00f6nnen nicht eingehalten werden, B\u00fcrger werden weggeschickt, um sich zum Beispiel einen Erbschein \u00fcber einen Notar zu holen, da das Gericht \u00fcberlastet ist und zu wenig Personal hat. Dies ist Alltag in Deutschland und NRW.<\/p>\n<p>&#8222;Der Fachkr\u00e4ftemangel ist mittlerweile alarmierend. Wir brauchen dringend junge Menschen, die bereit sind, in den unterschiedlichen juristischen Berufen zu arbeiten. Das betrifft das Richteramt genauso wie die Laufbahn in der Staatsanwaltschaft oder Juristinnen und Juristen, die als Anw\u00e4lte in der freien Wirtschaft arbeiten oder auch in der sonstigen Justizverwaltung&#8220;, sagt die SPD-Rechtsexpertin Sonja Bongers.<!--more--><\/p>\n<p>Besonderer Mangel besteht bei den akademischen Justizberufen. Hier ist das Referendariat die Grundlage nach dem Studium f\u00fcr den Eintritt in die rechtliche Berufswelt. Hier starten berufliche Lebenswege. Hier werden notwendige Kompetenzen erworben.<\/p>\n<p>&#8222;Aus diesem Grund halten wir eine Reformation der Juristenausbildung f\u00fcr sinnvoll. Es ist wichtig, diese sehr qualifizierte Ausbildung an die Anforderung des modernen Arbeitsmarktes und der demographischen Herausforderungen anzupassen. Dabei sollte genau \u00fcberlegt werden, welche Reformen die Juristenausbildung tats\u00e4chlich f\u00fcr junge Leute attraktiver machen. Welche \u00c4nderungen wecken das Interesse, nach dem ersten Staatsexamen auch noch das zweite anzustreben&#8220;, so Bongers.<\/p>\n<p>Sie habe gehofft, dass die Landesregierung in Bezug auf die Ausbildung der Referendare wirklich konstruktive Vorschl\u00e4ge machen w\u00fcrde. Doch man wurde leider entt\u00e4uscht, kritisiert Bongers. &#8222;Junge Menschen wollen die Chance auf eine sehr gute Ausbildung haben, die auch ihre Zeit braucht. Der Justizminister hat den Referendaren allerdings einen Ausbildungsmonat gestrichen. F\u00fcr junge Menschen ist die Wertsch\u00e4tzung ihres Ausbilders und Arbeitsgebers wichtig, die sich auch in der Bezahlung und der Arbeitszeit auswirkt.&#8220;<\/p>\n","protected":false},"excerpt":{"rendered":"<p>Nordrhein-Westfalens Justiz geht auf dem Zahnfleisch. Termine k\u00f6nnen nicht eingehalten werden, B\u00fcrger werden weggeschickt, um sich zum Beispiel einen Erbschein \u00fcber einen Notar zu holen, da das Gericht \u00fcberlastet ist&hellip; <\/p>\n","protected":false},"author":1,"featured_media":0,"comment_status":"closed","ping_status":"closed","sticky":false,"template":"","format":"standard","meta":{"footnotes":""},"categories":[4120,216],"tags":[4334,1760,4069,565,1096,2082,3045,4199,3813,4290,4289],"quellen":[1317],"class_list":["post-12160","post","type-post","status-publish","format-standard","hentry","category-die-woche-im-landtag","category-land","tag-juristenausbildung","tag-justiz","tag-justizwesen","tag-landeshaushalt","tag-nrw-haushalt","tag-nrw-justiz","tag-personalmangel","tag-personalmangel-nrw-justiz","tag-rechtsberufe","tag-referendarausbildung","tag-stellenvakanzen","quellen-mdl-sonja-bongers"],"_links":{"self":[{"href":"https:\/\/meier-gerdingh.de\/wp-spd-ob\/wp-json\/wp\/v2\/posts\/12160","targetHints":{"allow":["GET"]}}],"collection":[{"href":"https:\/\/meier-gerdingh.de\/wp-spd-ob\/wp-json\/wp\/v2\/posts"}],"about":[{"href":"https:\/\/meier-gerdingh.de\/wp-spd-ob\/wp-json\/wp\/v2\/types\/post"}],"author":[{"embeddable":true,"href":"https:\/\/meier-gerdingh.de\/wp-spd-ob\/wp-json\/wp\/v2\/users\/1"}],"replies":[{"embeddable":true,"href":"https:\/\/meier-gerdingh.de\/wp-spd-ob\/wp-json\/wp\/v2\/comments?post=12160"}],"version-history":[{"count":0,"href":"https:\/\/meier-gerdingh.de\/wp-spd-ob\/wp-json\/wp\/v2\/posts\/12160\/revisions"}],"wp:attachment":[{"href":"https:\/\/meier-gerdingh.de\/wp-spd-ob\/wp-json\/wp\/v2\/media?parent=12160"}],"wp:term":[{"taxonomy":"category","embeddable":true,"href":"https:\/\/meier-gerdingh.de\/wp-spd-ob\/wp-json\/wp\/v2\/categories?post=12160"},{"taxonomy":"post_tag","embeddable":true,"href":"https:\/\/meier-gerdingh.de\/wp-spd-ob\/wp-json\/wp\/v2\/tags?post=12160"},{"taxonomy":"quellen","embeddable":true,"href":"https:\/\/meier-gerdingh.de\/wp-spd-ob\/wp-json\/wp\/v2\/quellen?post=12160"}],"curies":[{"name":"wp","href":"https:\/\/api.w.org\/{rel}","templated":true}]}}