{"id":12163,"date":"2024-12-19T12:54:00","date_gmt":"2024-12-19T11:54:00","guid":{"rendered":"https:\/\/meier-gerdingh.de\/wp-spd-ob\/?p=12163"},"modified":"2024-12-19T12:54:00","modified_gmt":"2024-12-19T11:54:00","slug":"die-menschen-in-nordrhein-westfalen-brauchen-endlich-mehr-bezahlbaren-wohnraum","status":"publish","type":"post","link":"https:\/\/meier-gerdingh.de\/wp-spd-ob\/2024\/12\/19\/die-menschen-in-nordrhein-westfalen-brauchen-endlich-mehr-bezahlbaren-wohnraum\/","title":{"rendered":"Die Menschen in Nordrhein-Westfalen brauchen endlich mehr bezahlbaren Wohnraum"},"content":{"rendered":"<p><a href=\"https:\/\/meier-gerdingh.de\/wp-spd-ob\/wp-content\/uploads\/2023\/03\/banner-diese-woche-im-landtag-01.jpg\"><img decoding=\"async\" class=\"aligncenter size-full wp-image-10267\" src=\"https:\/\/meier-gerdingh.de\/wp-spd-ob\/wp-content\/uploads\/2023\/03\/banner-diese-woche-im-landtag-01.jpg\" alt=\"\" width=\"700\" height=\"258\" srcset=\"https:\/\/meier-gerdingh.de\/wp-spd-ob\/wp-content\/uploads\/2023\/03\/banner-diese-woche-im-landtag-01.jpg 700w, https:\/\/meier-gerdingh.de\/wp-spd-ob\/wp-content\/uploads\/2023\/03\/banner-diese-woche-im-landtag-01-300x111.jpg 300w\" sizes=\"(max-width: 700px) 100vw, 700px\" \/><\/a>Fast jede Stadt in Nordrhein-Westfalen leidet an Wohnraummangel. Zugleich nimmt die Zahl Mietpreis gebundener Wohnungen weiter rapide ab. Gab es in Nordrhein-Westfalen im Jahr 2000 noch 887.644 Wohneinheiten mit Mietpreisbindung, waren es 2022 nur noch rund 434.000. Nach Prognosen der NRW.BANK werden es 2035 nur noch 217.000 Wohnungen sein. Das bedeutet einen durchschnittlichen Verlust von rund 20.000 Wohneinheiten j\u00e4hrlich.<\/p>\n<p>Dazu kommt der fortw\u00e4hrende Mietpreisanstieg als weiterer belastender Faktor. &#8222;Das alles f\u00fchrt zu einer dramatischen Situation am Wohnungsmarkt, die die soziale Schieflage im Land immer weiter versch\u00e4rft&#8220;, sagt die SPD-Landtagsabgeordnete Sonja Bongers.<!--more--><\/p>\n<p>So seien die Mietpreise in Nordrhein-Westfalen allein im dritten Quartal 2024 im Vergleich zum Vorjahr um mehr als 4,5 Prozent gestiegen. Der durchschnittliche Mietpreis in NRW betrage jetzt 8,25 \u20ac pro Quadratmeter gegen\u00fcber zuvor 7,89 \u20ac im dritten Quartal 2023, so Bongers weiter.<\/p>\n<p>Diese Gemengelage hat f\u00fcr immer mehr Menschen dramatische Folgen. Insbesondere f\u00fcr Familien mit Kindern, alleinlebende Menschen und Geringverdiener wird das angemessene Wohnen unbezahlbar.<\/p>\n<p>&#8222;Nordrhein-Westfalen bricht bei den Zwangsr\u00e4umungen von Wohnungen einen Negativrekord nach dem anderen. Wurde f\u00fcr das Jahr 2022 bereits ein erschreckender Anstieg von Zwangsr\u00e4umungen auf die Rekordmarke von 8.690 Wohnungen gemeldet, stieg diese Zahl f\u00fcr 2023 nochmals um 3,9 Prozent auf 8.998 Wohnungen. Damit nimmt NRW eine traurige Spitzenposition unter allen Bundesl\u00e4ndern ein&#8220;, so die Rechtsexpertin.<\/p>\n<p>Zwangsr\u00e4umungen k\u00f6nnten zwar nicht g\u00e4nzlich verhindert werden. Aber insbesondere dort, wo Gruppen wie Schwangere, Alleinerziehende oder Seniorinnen und Senioren betroffen seien, m\u00fcsse daf\u00fcr Sorge getragen werden, dass eine Wohnungsr\u00e4umung nicht zur Wohnungs- oder Obdachlosigkeit f\u00fchre, spricht sich Bongers f\u00fcr einen behutsameren Umgang aus.<\/p>\n<p>Bongers mahnt eine umfassende Mieterschutzverordnung inklusive einer wirksamen Mietpreisbremse an. Nur so sei der optimale Schutz nach dem B\u00fcrgerlichen Gesetzbuch gew\u00e4hrleistet. Dazu sollten flankierende Ma\u00dfnahmen wie &#8222;Housing First&#8220;, einem Wohnungslosenprogramm, umgesetzt werden, um der Wohnungslosigkeit in NRW unmittelbar entgegenwirken zu k\u00f6nnen. &#8222;Mit Sonderprogrammen zur F\u00f6rderung von Wohnungsbau und der Gr\u00fcndung einer Landeswohnungsbaugesellschaft w\u00e4re schon viel erreicht&#8220;, so Bongers abschlie\u00dfend.<\/p>\n","protected":false},"excerpt":{"rendered":"<p>Fast jede Stadt in Nordrhein-Westfalen leidet an Wohnraummangel. Zugleich nimmt die Zahl Mietpreis gebundener Wohnungen weiter rapide ab. Gab es in Nordrhein-Westfalen im Jahr 2000 noch 887.644 Wohneinheiten mit Mietpreisbindung,&hellip; <\/p>\n","protected":false},"author":1,"featured_media":0,"comment_status":"closed","ping_status":"closed","sticky":false,"template":"","format":"standard","meta":{"footnotes":""},"categories":[4120,216,27],"tags":[3023,1502,4341,1882,4343,4344,1501,4346,4347,4342,110,2186,4345],"quellen":[1317],"class_list":["post-12163","post","type-post","status-publish","format-standard","hentry","category-die-woche-im-landtag","category-land","category-planen-bauen-wohnen-verkehr","tag-bezahlbarer-wohnraum","tag-mieten","tag-mieterinnen-und-miete","tag-mieterschutz","tag-mieterschutzverordnung","tag-obdachlosigkeit","tag-sozialer-wohnungsbau","tag-wohnungbau","tag-wohnungslosigkeit","tag-wohnungsmangel","tag-wohnungsmarkt","tag-wohnungsnot","tag-zwangsraeumungen","quellen-mdl-sonja-bongers"],"_links":{"self":[{"href":"https:\/\/meier-gerdingh.de\/wp-spd-ob\/wp-json\/wp\/v2\/posts\/12163","targetHints":{"allow":["GET"]}}],"collection":[{"href":"https:\/\/meier-gerdingh.de\/wp-spd-ob\/wp-json\/wp\/v2\/posts"}],"about":[{"href":"https:\/\/meier-gerdingh.de\/wp-spd-ob\/wp-json\/wp\/v2\/types\/post"}],"author":[{"embeddable":true,"href":"https:\/\/meier-gerdingh.de\/wp-spd-ob\/wp-json\/wp\/v2\/users\/1"}],"replies":[{"embeddable":true,"href":"https:\/\/meier-gerdingh.de\/wp-spd-ob\/wp-json\/wp\/v2\/comments?post=12163"}],"version-history":[{"count":0,"href":"https:\/\/meier-gerdingh.de\/wp-spd-ob\/wp-json\/wp\/v2\/posts\/12163\/revisions"}],"wp:attachment":[{"href":"https:\/\/meier-gerdingh.de\/wp-spd-ob\/wp-json\/wp\/v2\/media?parent=12163"}],"wp:term":[{"taxonomy":"category","embeddable":true,"href":"https:\/\/meier-gerdingh.de\/wp-spd-ob\/wp-json\/wp\/v2\/categories?post=12163"},{"taxonomy":"post_tag","embeddable":true,"href":"https:\/\/meier-gerdingh.de\/wp-spd-ob\/wp-json\/wp\/v2\/tags?post=12163"},{"taxonomy":"quellen","embeddable":true,"href":"https:\/\/meier-gerdingh.de\/wp-spd-ob\/wp-json\/wp\/v2\/quellen?post=12163"}],"curies":[{"name":"wp","href":"https:\/\/api.w.org\/{rel}","templated":true}]}}