{"id":12168,"date":"2024-12-22T15:21:02","date_gmt":"2024-12-22T14:21:02","guid":{"rendered":"https:\/\/meier-gerdingh.de\/wp-spd-ob\/?p=12168"},"modified":"2024-12-22T18:05:15","modified_gmt":"2024-12-22T17:05:15","slug":"gemeinsam-fuer-unsere-zukunft-diskussion-mit-rolf-muetzenich","status":"publish","type":"post","link":"https:\/\/meier-gerdingh.de\/wp-spd-ob\/2024\/12\/22\/gemeinsam-fuer-unsere-zukunft-diskussion-mit-rolf-muetzenich\/","title":{"rendered":"&#8222;Gemeinsam f\u00fcr unsere Zukunft&#8220;<br \/>&#8211; Diskussion mit Rolf M\u00fctzenich"},"content":{"rendered":"<p><a href=\"https:\/\/meier-gerdingh.de\/wp-spd-ob\/wp-content\/uploads\/2024\/12\/banner-veranstaltung-muetzenich-25-01-14-neu-lg.jpg\"><img decoding=\"async\" class=\"aligncenter size-full wp-image-12170\" src=\"https:\/\/meier-gerdingh.de\/wp-spd-ob\/wp-content\/uploads\/2024\/12\/banner-veranstaltung-muetzenich-25-01-14-neu.jpg\" alt=\"\" width=\"700\" height=\"394\" srcset=\"https:\/\/meier-gerdingh.de\/wp-spd-ob\/wp-content\/uploads\/2024\/12\/banner-veranstaltung-muetzenich-25-01-14-neu.jpg 700w, https:\/\/meier-gerdingh.de\/wp-spd-ob\/wp-content\/uploads\/2024\/12\/banner-veranstaltung-muetzenich-25-01-14-neu-300x169.jpg 300w\" sizes=\"(max-width: 700px) 100vw, 700px\" \/><\/a>Liebe Mitb\u00fcrgerinnen und Mitb\u00fcrger,<\/p>\n<p>wir laden Sie herzlich ein zu einer Diskussions\u00adveranstaltung mit dem <strong>Vorsitzenden der SPD-Bundestagsfraktion<\/strong><br \/>\n<strong style=\"display: block; font-size: 24px !important; margin-top: 20px;\">Rolf M\u00fctzenich MdB<\/strong><\/p>\n<p>Am 23.\u00a0Februar 2025 entscheiden wir alle, wie es f\u00fcr Deutschland weitergeht. Diese Wahl wird richtungsweisend f\u00fcr unser Land. Mit Rolf M\u00fctzenich wollen wir \u00fcber die zentralen Themen und Herausforderungen der Bundestagswahl 2025 sprechen.<\/p>\n<p>Die Veranstaltung findet statt:<\/p>\n<p><strong>Dienstag, 14.\u00a0Januar 2025,<br \/>\nab 13.30 Uhr (Einlass ab 13.00 Uhr),<\/p>\n<p>im Bistro Jahreszeiten,<br \/>\nAn der guten Hoffnung 8,<br \/>\n46145 Oberhausen.<\/strong><\/p>\n<p>Die Veranstaltung ist \u00f6ffentlich, jedoch bitten wir um eine <strong>verbindliche Anmeldung<\/strong> bis zum 8.\u00a0Januar <strong>per E-Mail<\/strong> unter: <a href=\"mailto:info@spd-oberhausen.de\">info@spd-oberhausen.de<\/a>, da die Pl\u00e4tze begrenzt sind.<\/p>\n<p>Wir freuen uns auf einen spannenden Austausch mit Rolf M\u00fctzenich und Ihnen.<\/p>\n<div class='ajde_evcal_calendar eventon_single_event eventon_event evo_sin_box sev cev color esty_2' ><div class='evo-data'   data-ux_val='1' data-exturl='' data-mapscroll='true' data-mapformat='roadmap' data-mapzoom='16' ><\/div><div class='evo_cal_data' data-sc='{\"excerpt\":\"no\",\"expanded\":\"no\",\"ux_val\":1,\"exturl\":\"\",\"mapscroll\":\"true\",\"mapformat\":\"roadmap\",\"mapzoom\":\"16\",\"maps_load\":\"yes\"}'><\/div><div id='evcal_list' class='eventon_events_list '>Missing Event Data<\/div><\/div>\n","protected":false},"excerpt":{"rendered":"<p>Liebe Mitb\u00fcrgerinnen und Mitb\u00fcrger, wir laden Sie herzlich ein zu einer Diskussions\u00adveranstaltung mit dem Vorsitzenden der SPD-Bundestagsfraktion Rolf M\u00fctzenich MdB Am 23.\u00a0Februar 2025 entscheiden wir alle, wie es f\u00fcr Deutschland&hellip; <\/p>\n","protected":false},"author":1,"featured_media":0,"comment_status":"closed","ping_status":"closed","sticky":false,"template":"","format":"standard","meta":{"footnotes":""},"categories":[180,171,178],"tags":[4349,3177,4350,84,1112],"quellen":[327],"class_list":["post-12168","post","type-post","status-publish","format-standard","hentry","category-bund","category-veranstaltungen","category-wahlen","tag-bundestagswahlkampf-2025","tag-diskussionsveranstaltung","tag-rolf-muetzenich","tag-spd-bundestagsfraktion","tag-wahlkampf","quellen-spd-unterbezirk-oberhausen"],"_links":{"self":[{"href":"https:\/\/meier-gerdingh.de\/wp-spd-ob\/wp-json\/wp\/v2\/posts\/12168","targetHints":{"allow":["GET"]}}],"collection":[{"href":"https:\/\/meier-gerdingh.de\/wp-spd-ob\/wp-json\/wp\/v2\/posts"}],"about":[{"href":"https:\/\/meier-gerdingh.de\/wp-spd-ob\/wp-json\/wp\/v2\/types\/post"}],"author":[{"embeddable":true,"href":"https:\/\/meier-gerdingh.de\/wp-spd-ob\/wp-json\/wp\/v2\/users\/1"}],"replies":[{"embeddable":true,"href":"https:\/\/meier-gerdingh.de\/wp-spd-ob\/wp-json\/wp\/v2\/comments?post=12168"}],"version-history":[{"count":0,"href":"https:\/\/meier-gerdingh.de\/wp-spd-ob\/wp-json\/wp\/v2\/posts\/12168\/revisions"}],"wp:attachment":[{"href":"https:\/\/meier-gerdingh.de\/wp-spd-ob\/wp-json\/wp\/v2\/media?parent=12168"}],"wp:term":[{"taxonomy":"category","embeddable":true,"href":"https:\/\/meier-gerdingh.de\/wp-spd-ob\/wp-json\/wp\/v2\/categories?post=12168"},{"taxonomy":"post_tag","embeddable":true,"href":"https:\/\/meier-gerdingh.de\/wp-spd-ob\/wp-json\/wp\/v2\/tags?post=12168"},{"taxonomy":"quellen","embeddable":true,"href":"https:\/\/meier-gerdingh.de\/wp-spd-ob\/wp-json\/wp\/v2\/quellen?post=12168"}],"curies":[{"name":"wp","href":"https:\/\/api.w.org\/{rel}","templated":true}]}}