{"id":12202,"date":"2025-01-15T16:30:04","date_gmt":"2025-01-15T15:30:04","guid":{"rendered":"https:\/\/meier-gerdingh.de\/wp-spd-ob\/?p=12202"},"modified":"2025-01-15T16:30:04","modified_gmt":"2025-01-15T15:30:04","slug":"regional-express-der-eurobahn-vor-unsicherer-zukunft","status":"publish","type":"post","link":"https:\/\/meier-gerdingh.de\/wp-spd-ob\/2025\/01\/15\/regional-express-der-eurobahn-vor-unsicherer-zukunft\/","title":{"rendered":"Regional-Express der Eurobahn vor unsicherer Zukunft"},"content":{"rendered":"<div id=\"attachment_9529\" style=\"width: 170px\" class=\"wp-caption alignleft\"><a href=\"https:\/\/meier-gerdingh.de\/wp-spd-ob\/wp-content\/uploads\/2022\/10\/zimkeit-stefan-22-lg.jpg\"><img aria-describedby=\"caption-attachment-9529\" decoding=\"async\" class=\"size-full wp-image-9529\" src=\"https:\/\/meier-gerdingh.de\/wp-spd-ob\/wp-content\/uploads\/2022\/10\/zimkeit-stefan-22.jpg\" alt=\"\" width=\"160\" height=\"200\" \/><\/a><p id=\"caption-attachment-9529\" class=\"wp-caption-text\">Stefan Zimkeit ist Landtagsabgeordneter f\u00fcr Oberhausen-Sterkrade und Dinslaken<\/p><\/div>\n<p>Oberhausens Landtagsabgeordneter Stefan Zimkeit fordert, dass die Landesregierung die \u00d6ffentlichkeit \u00fcber die ungewisse Zukunft des RE\u00a03 (Rhein-Emscher-Express) informiert. &#8222;Deren Betreiber, die ehemals franz\u00f6sische Eurobahn, ist in eine Schieflage geraten&#8220;, berichtet Zimkeit. &#8222;Jetzt werden voraussichtlich die Kommunen in Westfalen-Lippe, wo der Hauptteil der Eurobahn-Linien verl\u00e4uft, die Bahngesellschaft \u00fcbernehmen, um sie vor einer Insolvenz zu sch\u00fctzen.&#8220;<\/p>\n<p>Der SPD-Finanzexperte Zimkeit h\u00e4lt es f\u00fcr ein Unding, dass sich die Landesregierung ihrer Verantwortung entzieht und stattdessen den Kommunen die Last aufb\u00fcrdet. &#8222;Es reicht deshalb nicht aus, dass dar\u00fcber in nicht\u00f6ffentlichen Sitzungen gesprochen wird.&#8220;<!--more--><\/p>\n<p>Die Pendlerinnen und Pendler w\u00fcrden zurecht erwarten, dass NRW-Verkehrsminister Oliver Krischer (Gr\u00fcne) sich des Themas annimmt, unterstreicht Zimkeit. Der RE\u00a03 verbindet Oberhausen st\u00fcndlich mit D\u00fcsseldorf sowie Dortmund \/ Hamm.<\/p>\n","protected":false},"excerpt":{"rendered":"<p>Oberhausens Landtagsabgeordneter Stefan Zimkeit fordert, dass die Landesregierung die \u00d6ffentlichkeit \u00fcber die ungewisse Zukunft des RE\u00a03 (Rhein-Emscher-Express) informiert. &#8222;Deren Betreiber, die ehemals franz\u00f6sische Eurobahn, ist in eine Schieflage geraten&#8220;, berichtet&hellip; <\/p>\n","protected":false},"author":1,"featured_media":0,"comment_status":"closed","ping_status":"closed","sticky":false,"template":"","format":"standard","meta":{"footnotes":""},"categories":[216,3070],"tags":[4355,3511,55,3318,4352,4353,4354,1044],"quellen":[331],"class_list":["post-12202","post","type-post","status-publish","format-standard","hentry","category-land","category-mobilitaet","tag-eurobahn","tag-nrw-verkehrsminister","tag-oepnv","tag-pendlerinnen-und-pendler","tag-pendlerverkehr","tag-re-3","tag-rhein-emscher-express","tag-spnv","quellen-mdl-stefan-zimkeit"],"_links":{"self":[{"href":"https:\/\/meier-gerdingh.de\/wp-spd-ob\/wp-json\/wp\/v2\/posts\/12202","targetHints":{"allow":["GET"]}}],"collection":[{"href":"https:\/\/meier-gerdingh.de\/wp-spd-ob\/wp-json\/wp\/v2\/posts"}],"about":[{"href":"https:\/\/meier-gerdingh.de\/wp-spd-ob\/wp-json\/wp\/v2\/types\/post"}],"author":[{"embeddable":true,"href":"https:\/\/meier-gerdingh.de\/wp-spd-ob\/wp-json\/wp\/v2\/users\/1"}],"replies":[{"embeddable":true,"href":"https:\/\/meier-gerdingh.de\/wp-spd-ob\/wp-json\/wp\/v2\/comments?post=12202"}],"version-history":[{"count":0,"href":"https:\/\/meier-gerdingh.de\/wp-spd-ob\/wp-json\/wp\/v2\/posts\/12202\/revisions"}],"wp:attachment":[{"href":"https:\/\/meier-gerdingh.de\/wp-spd-ob\/wp-json\/wp\/v2\/media?parent=12202"}],"wp:term":[{"taxonomy":"category","embeddable":true,"href":"https:\/\/meier-gerdingh.de\/wp-spd-ob\/wp-json\/wp\/v2\/categories?post=12202"},{"taxonomy":"post_tag","embeddable":true,"href":"https:\/\/meier-gerdingh.de\/wp-spd-ob\/wp-json\/wp\/v2\/tags?post=12202"},{"taxonomy":"quellen","embeddable":true,"href":"https:\/\/meier-gerdingh.de\/wp-spd-ob\/wp-json\/wp\/v2\/quellen?post=12202"}],"curies":[{"name":"wp","href":"https:\/\/api.w.org\/{rel}","templated":true}]}}