{"id":12246,"date":"2025-01-24T13:01:21","date_gmt":"2025-01-24T12:01:21","guid":{"rendered":"https:\/\/meier-gerdingh.de\/wp-spd-ob\/?p=12246"},"modified":"2025-01-24T13:01:21","modified_gmt":"2025-01-24T12:01:21","slug":"spd-buergermeisterkandidat-thorsten-berg-kritisiert-chaotische-verkehrslage-in-oberhausen","status":"publish","type":"post","link":"https:\/\/meier-gerdingh.de\/wp-spd-ob\/2025\/01\/24\/spd-buergermeisterkandidat-thorsten-berg-kritisiert-chaotische-verkehrslage-in-oberhausen\/","title":{"rendered":"SPD-B\u00fcrgermeisterkandidat Thorsten Berg kritisiert chaotische Verkehrslage in Oberhausen"},"content":{"rendered":"<div id=\"attachment_11867\" style=\"width: 250px\" class=\"wp-caption alignleft\"><a href=\"https:\/\/meier-gerdingh.de\/wp-spd-ob\/wp-content\/uploads\/2024\/11\/thorsten-berg-portrait-lg.jpg\"><img aria-describedby=\"caption-attachment-11867\" decoding=\"async\" class=\"size-full wp-image-11867\" src=\"https:\/\/meier-gerdingh.de\/wp-spd-ob\/wp-content\/uploads\/2024\/11\/thorsten-berg-portrait.jpg\" alt=\"\" width=\"240\" height=\"360\" srcset=\"https:\/\/meier-gerdingh.de\/wp-spd-ob\/wp-content\/uploads\/2024\/11\/thorsten-berg-portrait.jpg 240w, https:\/\/meier-gerdingh.de\/wp-spd-ob\/wp-content\/uploads\/2024\/11\/thorsten-berg-portrait-200x300.jpg 200w\" sizes=\"(max-width: 240px) 100vw, 240px\" \/><\/a><p id=\"caption-attachment-11867\" class=\"wp-caption-text\">Thorsten Berg, Oberb\u00fcrgermeister-Kandidat der Oberhausener SPD<\/p><\/div>\n<p>Die chaotische Verkehrslage in Oberhausen ist f\u00fcr viele Menschen zunehmend ein \u00c4rgernis. &#8222;Das erfahre ich immer wieder in Gespr\u00e4chen mit B\u00fcrgerinnen und B\u00fcrgern&#8220;, erkl\u00e4rt der designierte SPD-Oberb\u00fcrgermeisterkandidat Thorsten Berg. &#8222;Die Menschen sind es einfach leid, ihre Zeit im Stau zu vergeuden.&#8220; Berg h\u00e4lt es f\u00fcr dringend notwendig, mehr gegen den Stillstand in unserer Stadt zu tun.<\/p>\n<p>Beispiele f\u00fcr schlechtes Baustellenmanagement gebe es viele: &#8222;Die Verz\u00f6gerungen an der Weseler Stra\u00dfe und am Rehmer sind nur zwei aktuelle F\u00e4lle. Es stellt sich die Frage, ob die Verwaltung bei der Planung und dem Baustellenmanagement organisatorisch und personell richtig aufgestellt ist&#8220;, so Thorsten Berg. Es sei selbstverst\u00e4ndlich, dass marode Stra\u00dfen und Br\u00fccken instandgesetzt werden m\u00fcssen. &#8222;Diese notwendigen Arbeiten m\u00fcssen so geplant und aufeinander abgestimmt werden, dass unsere Stadt nicht komplett zum Stehen kommt&#8220;, fordert Berg.<!--more--><\/p>\n<p>Es ist dringend notwendig, dass die bekannten Verkehrsprobleme endlich zielsicher angegangen werden. &#8222;St\u00e4ndig neue Pl\u00e4ne zu verk\u00fcnden, reicht nicht aus, um die Verkehrssituation in der Neuen Mitte tats\u00e4chlich zu verbessern. Es muss nun auch konkret gehandelt werden&#8220;, erkl\u00e4rt Berg.<\/p>\n<p>Um ein genaueres Bild der spezifischen Verkehrsprobleme in der Stadt zu erhalten, ruft der SPD-Oberb\u00fcrgermeisterkandidat die B\u00fcrgerinnen und B\u00fcrger dazu auf, diese unter <a href=\"mailto:team@thorstenberg-oberhausen.de\">team@thorstenberg-oberhausen.de<\/a> oder per <strong>WhatsApp<\/strong> an die Nummer <a href=\"tel:+4915755719802\">0157 55719802<\/a> zu melden. &#8222;Wir werden diese Probleme dann direkt mit der Stadtverwaltung besprechen&#8220;, verspricht er.<\/p>\n","protected":false},"excerpt":{"rendered":"<p>Die chaotische Verkehrslage in Oberhausen ist f\u00fcr viele Menschen zunehmend ein \u00c4rgernis. &#8222;Das erfahre ich immer wieder in Gespr\u00e4chen mit B\u00fcrgerinnen und B\u00fcrgern&#8220;, erkl\u00e4rt der designierte SPD-Oberb\u00fcrgermeisterkandidat Thorsten Berg. &#8222;Die&hellip; <\/p>\n","protected":false},"author":1,"featured_media":0,"comment_status":"closed","ping_status":"closed","sticky":false,"template":"","format":"standard","meta":{"footnotes":""},"categories":[3070],"tags":[235,2518,2191,251,4224,2453,4362,2474,2323,4363,4364],"quellen":[327],"class_list":["post-12246","post","type-post","status-publish","format-standard","hentry","category-mobilitaet","tag-baustellenmanagement","tag-dauerstau","tag-neue-mitte","tag-ob-kandidat","tag-spd-ob-kandidat","tag-spd-oberbuergermeisterkandidat","tag-stau","tag-staus","tag-thorsten-berg","tag-verkehrschaos","tag-verkehrssituation","quellen-spd-unterbezirk-oberhausen"],"_links":{"self":[{"href":"https:\/\/meier-gerdingh.de\/wp-spd-ob\/wp-json\/wp\/v2\/posts\/12246","targetHints":{"allow":["GET"]}}],"collection":[{"href":"https:\/\/meier-gerdingh.de\/wp-spd-ob\/wp-json\/wp\/v2\/posts"}],"about":[{"href":"https:\/\/meier-gerdingh.de\/wp-spd-ob\/wp-json\/wp\/v2\/types\/post"}],"author":[{"embeddable":true,"href":"https:\/\/meier-gerdingh.de\/wp-spd-ob\/wp-json\/wp\/v2\/users\/1"}],"replies":[{"embeddable":true,"href":"https:\/\/meier-gerdingh.de\/wp-spd-ob\/wp-json\/wp\/v2\/comments?post=12246"}],"version-history":[{"count":0,"href":"https:\/\/meier-gerdingh.de\/wp-spd-ob\/wp-json\/wp\/v2\/posts\/12246\/revisions"}],"wp:attachment":[{"href":"https:\/\/meier-gerdingh.de\/wp-spd-ob\/wp-json\/wp\/v2\/media?parent=12246"}],"wp:term":[{"taxonomy":"category","embeddable":true,"href":"https:\/\/meier-gerdingh.de\/wp-spd-ob\/wp-json\/wp\/v2\/categories?post=12246"},{"taxonomy":"post_tag","embeddable":true,"href":"https:\/\/meier-gerdingh.de\/wp-spd-ob\/wp-json\/wp\/v2\/tags?post=12246"},{"taxonomy":"quellen","embeddable":true,"href":"https:\/\/meier-gerdingh.de\/wp-spd-ob\/wp-json\/wp\/v2\/quellen?post=12246"}],"curies":[{"name":"wp","href":"https:\/\/api.w.org\/{rel}","templated":true}]}}