{"id":12257,"date":"2025-01-30T13:39:14","date_gmt":"2025-01-30T12:39:14","guid":{"rendered":"https:\/\/meier-gerdingh.de\/wp-spd-ob\/?p=12257"},"modified":"2025-01-30T15:25:21","modified_gmt":"2025-01-30T14:25:21","slug":"gemeinsame-mehrheiten-von-cdu-und-afd-verhindern","status":"publish","type":"post","link":"https:\/\/meier-gerdingh.de\/wp-spd-ob\/2025\/01\/30\/gemeinsame-mehrheiten-von-cdu-und-afd-verhindern\/","title":{"rendered":"Gemeinsame Mehrheiten von CDU und AfD verhindern"},"content":{"rendered":"<div id=\"attachment_9529\" style=\"width: 170px\" class=\"wp-caption alignleft\"><a href=\"https:\/\/meier-gerdingh.de\/wp-spd-ob\/wp-content\/uploads\/2022\/10\/zimkeit-stefan-22-lg.jpg\"><img aria-describedby=\"caption-attachment-9529\" decoding=\"async\" class=\"size-full wp-image-9529\" src=\"https:\/\/meier-gerdingh.de\/wp-spd-ob\/wp-content\/uploads\/2022\/10\/zimkeit-stefan-22.jpg\" alt=\"\" width=\"160\" height=\"200\" \/><\/a><p id=\"caption-attachment-9529\" class=\"wp-caption-text\">Stefan Zimkeit ist Landtagsabgeordneter f\u00fcr Oberhausen-Sterkrade und Dinslaken<\/p><\/div>\n<p>Stefan Zimkeit erwartet von Ministerpr\u00e4sident Hendrik W\u00fcst eine klare Haltung gegen Rechtsextremisten. Der SPD-Landtagsabgeordnete erinnert an die Kundgebung vor ziemlich genau einem Jahr auf dem Oberhausener Friedensplatz, als mehr als 5.000 B\u00fcrgerinnen und B\u00fcrger gegen die AfD und ihre Deportationspl\u00e4ne demonstrierten, und der Ministerpr\u00e4sident in der ersten Reihe stand. Damals habe W\u00fcst die AfD unmissverst\u00e4ndlich als &#8222;Nazi-Partei&#8220; bezeichnet.<\/p>\n<p>&#8222;Inzwischen hat sich der Ton innerhalb der CDU dramatisch verschoben&#8220;, beklagt Zimkeit. CDU-Generalsekret\u00e4r Linnemann verteidige die AfD gegen angebliches &#8222;Nazi-Bashing&#8220;, CDU-Schatzmeisterin Kl\u00f6ckner sehe bei einer Wahl der CDU die Forderungen der AfD umgesetzt und Kanzlerkandidat Merz akzeptiere die Stimmen der Rechtsextremisten, um seine Pl\u00e4ne gegen die demokratische Mehrheit durchzusetzen. &#8222;Die Jubelbilder der AfD-Bundestagsfraktion nach ihrem zusammen mit der Union errungenen Abstimmungssieg machen deutlich, wem das Vorgehen von Merz nutzt.&#8220;<!--more--><\/p>\n<p>Stefan Zimkeit zeigt sich pers\u00f6nlich entt\u00e4uscht und besorgt, dass der Ministerpr\u00e4sident sich nicht, wie andere CDU-Mitglieder, gegen den Plan von Friedrich Merz gestellt hat. &#8222;Wer \u00f6ffentlichkeitswirksam gegen die AfD demonstriert und sie als Nazi-Partei bezeichnet, darf nicht tatenlos zusehen, wie die CDU die AfD als Mehrheitsbeschaffer akzeptiert und ihr Einfluss auf die Politik einr\u00e4umt&#8220;, wendet sich Zimkeit auch pers\u00f6nlich an Hendrik W\u00fcst. &#8222;Ich fordere den stellvertretenden CDU Bundesvorsitzenden W\u00fcst auf, zu verhindern, dass die CDU als n\u00e4chstes Gesetze gemeinsam mit der AfD beschlie\u00dft. Die AfD wurde durch ihren ersten Abstimmungserfolg gest\u00e4rkt. Wer die AfD bek\u00e4mpfen will, muss nun verhindern, dass es weiteren Jubel von Frau Weidel gibt&#8220;, meint Stefan Zimkeit.<\/p>\n<p>&#8222;Der schleswig-holsteinische Ministerpr\u00e4sident G\u00fcnther hat zumindest klargestellt, dass er im Bundesrat keinem Gesetz zustimmen wird, das durch die Stimmen der AfD zustande kommt&#8220;, sagt der SPD-Abgeordnete. Eine solch klare Aussage habe Hendrik W\u00fcst im Landtag, trotz Aufforderung, nicht get\u00e4tigt. &#8222;Es ist mehr als bedauerlich, dass W\u00fcst nicht einmal in dieser Frage Haltung zeigt&#8220;, so Zimkeit.<\/p>\n<p>&#8222;In dieser Woche gedenken wir der Befreiung des Vernichtungslagers Auschwitz vor achtzig Jahren.&#8220; Dass historische Vergleiche hinken, wei\u00df auch Stefan Zimkeit. Gleichwohl k\u00f6nne man erwarten, sich der Geschichte bewusst zu sein und aus ihr zu lernen. &#8222;Es waren konservative und liberale Parteien, die 1933 dem Erm\u00e4chtigungsgesetz zustimmten und die Nazi-Diktatur erm\u00f6glichten.&#8220;<\/p>\n","protected":false},"excerpt":{"rendered":"<p>Stefan Zimkeit erwartet von Ministerpr\u00e4sident Hendrik W\u00fcst eine klare Haltung gegen Rechtsextremisten. Der SPD-Landtagsabgeordnete erinnert an die Kundgebung vor ziemlich genau einem Jahr auf dem Oberhausener Friedensplatz, als mehr als&hellip; <\/p>\n","protected":false},"author":1,"featured_media":0,"comment_status":"closed","ping_status":"closed","sticky":false,"template":"","format":"standard","meta":{"footnotes":""},"categories":[404],"tags":[1098,4379,120,4378,2994],"quellen":[331],"class_list":["post-12257","post","type-post","status-publish","format-standard","hentry","category-gemeinsam-gegen-rechts","tag-afd","tag-brandmauer","tag-bundestag","tag-friedrich-merz","tag-hendrik-wuest","quellen-mdl-stefan-zimkeit"],"_links":{"self":[{"href":"https:\/\/meier-gerdingh.de\/wp-spd-ob\/wp-json\/wp\/v2\/posts\/12257","targetHints":{"allow":["GET"]}}],"collection":[{"href":"https:\/\/meier-gerdingh.de\/wp-spd-ob\/wp-json\/wp\/v2\/posts"}],"about":[{"href":"https:\/\/meier-gerdingh.de\/wp-spd-ob\/wp-json\/wp\/v2\/types\/post"}],"author":[{"embeddable":true,"href":"https:\/\/meier-gerdingh.de\/wp-spd-ob\/wp-json\/wp\/v2\/users\/1"}],"replies":[{"embeddable":true,"href":"https:\/\/meier-gerdingh.de\/wp-spd-ob\/wp-json\/wp\/v2\/comments?post=12257"}],"version-history":[{"count":0,"href":"https:\/\/meier-gerdingh.de\/wp-spd-ob\/wp-json\/wp\/v2\/posts\/12257\/revisions"}],"wp:attachment":[{"href":"https:\/\/meier-gerdingh.de\/wp-spd-ob\/wp-json\/wp\/v2\/media?parent=12257"}],"wp:term":[{"taxonomy":"category","embeddable":true,"href":"https:\/\/meier-gerdingh.de\/wp-spd-ob\/wp-json\/wp\/v2\/categories?post=12257"},{"taxonomy":"post_tag","embeddable":true,"href":"https:\/\/meier-gerdingh.de\/wp-spd-ob\/wp-json\/wp\/v2\/tags?post=12257"},{"taxonomy":"quellen","embeddable":true,"href":"https:\/\/meier-gerdingh.de\/wp-spd-ob\/wp-json\/wp\/v2\/quellen?post=12257"}],"curies":[{"name":"wp","href":"https:\/\/api.w.org\/{rel}","templated":true}]}}