{"id":12269,"date":"2025-02-04T16:52:14","date_gmt":"2025-02-04T15:52:14","guid":{"rendered":"https:\/\/meier-gerdingh.de\/wp-spd-ob\/?p=12269"},"modified":"2025-02-04T16:53:25","modified_gmt":"2025-02-04T15:53:25","slug":"linke-liste-verhindert-sozialbindung-und-fragt-auch-noch-danach","status":"publish","type":"post","link":"https:\/\/meier-gerdingh.de\/wp-spd-ob\/2025\/02\/04\/linke-liste-verhindert-sozialbindung-und-fragt-auch-noch-danach\/","title":{"rendered":"Linke Liste verhindert Sozialbindung \u2013 und fragt auch noch danach"},"content":{"rendered":"<div id=\"attachment_9420\" style=\"width: 170px\" class=\"wp-caption alignleft\"><a href=\"https:\/\/meier-gerdingh.de\/wp-spd-ob\/wp-content\/uploads\/2022\/10\/horn-denise-portrait-lg.jpg\"><img aria-describedby=\"caption-attachment-9420\" decoding=\"async\" class=\"size-full wp-image-9420\" src=\"https:\/\/meier-gerdingh.de\/wp-spd-ob\/wp-content\/uploads\/2022\/10\/horn-denise-portrait.jpg\" alt=\"\" width=\"160\" height=\"200\" \/><\/a><p id=\"caption-attachment-9420\" class=\"wp-caption-text\">Denise Horn ist schul- und sozialpolitische Sprecherin der SPD-Fraktion<\/p><\/div>\n<p>Ein <a href=\"https:\/\/ratsinfo.oberhausen.de\/vo020?VOLFDNR=1001907\">Antrag auf Sachdarstellung der Linken Liste f\u00fcr den Sozial- und den Planungsausschuss <i class=\"fa-solid fa-arrow-up-right-from-square\" title=\"Externer Link zum Ratsinformationssystem Allris\"><\/i><\/a> hat bei den Stadtverordneten der SPD f\u00fcr kollektives Kopfsch\u00fctteln gesorgt: Die Fraktion will n\u00e4mlich erfahren, wie die Entwicklung der Sozialbindung bei Wohnungen in Oberhausen verl\u00e4uft. Die vierte und letzte Frage dieses Antrags lautet: Welche Ma\u00dfnahmen werden ergriffen, um den Verlust von Sozialwohnungen auszugleichen? &#8222;Die Antwort auf diese Frage m\u00fcsste eigentlich lauten: keine \u2013 dank der Linken Liste&#8220;, erkl\u00e4rt die sozialpolitische Sprecherin der SPD-Ratsfraktion, Denise Horn.<\/p>\n<p>In der letzten Ratssitzung des vergangenen Jahres stand schlie\u00dflich eine Abstimmung \u00fcber ein von der Verwaltung entwickeltes Konzept f\u00fcr die F\u00f6rderung des sozialen Wohnungsbaus zur Abstimmung, es wurden mehrere Varianten vorgestellt. Da den Linken auch diejenige Variante nicht passte, auf die sich BOB, Gr\u00fcne und SPD hatten verst\u00e4ndigen k\u00f6nnen, stimmten sie gemeinsam mit CDU, FDP und der AfD gegen den Antrag und verhalfen damit denjenigen politischen Kr\u00e4ften zu einer Mehrheit, die sich dezidiert gegen eine F\u00f6rderung des sozialen Wohnungsbaus ausgesprochen hatten. Eine Quote f\u00fcr sozialen Wohnungsbau wurde mit den Stimmen der Linken Liste verhindert.<!--more--><\/p>\n<p>&#8222;Angesichts dieses Abstimmungsverhaltens braucht es schon einiges an Chuzpe, um sich nur wenige Wochen sp\u00e4ter nach der Entwicklung der Sozialbindung von Wohnraum in Oberhausen zu erkundigen&#8220;, erkl\u00e4rt Denise Horn. &#8222;Vielleicht erkl\u00e4rt die Linke Liste ja in dieser Beratungsfolge, was sich ihre Politikerinnen und Politiker bei dieser Abstimmung gedacht haben.&#8220;<\/p>\n","protected":false},"excerpt":{"rendered":"<p>Ein Antrag auf Sachdarstellung der Linken Liste f\u00fcr den Sozial- und den Planungsausschuss hat bei den Stadtverordneten der SPD f\u00fcr kollektives Kopfsch\u00fctteln gesorgt: Die Fraktion will n\u00e4mlich erfahren, wie die&hellip; <\/p>\n","protected":false},"author":1,"featured_media":0,"comment_status":"closed","ping_status":"closed","sticky":false,"template":"","format":"standard","meta":{"footnotes":""},"categories":[174,27],"tags":[4328,1501,1881,108,2186],"quellen":[326],"class_list":["post-12269","post","type-post","status-publish","format-standard","hentry","category-arbeit-und-soziales","category-planen-bauen-wohnen-verkehr","tag-quote-sozialer-wohnungsbau","tag-sozialer-wohnungsbau","tag-sozialwohnungen","tag-wohnungsbau","tag-wohnungsnot","quellen-spd-fraktion-oberhausen"],"_links":{"self":[{"href":"https:\/\/meier-gerdingh.de\/wp-spd-ob\/wp-json\/wp\/v2\/posts\/12269","targetHints":{"allow":["GET"]}}],"collection":[{"href":"https:\/\/meier-gerdingh.de\/wp-spd-ob\/wp-json\/wp\/v2\/posts"}],"about":[{"href":"https:\/\/meier-gerdingh.de\/wp-spd-ob\/wp-json\/wp\/v2\/types\/post"}],"author":[{"embeddable":true,"href":"https:\/\/meier-gerdingh.de\/wp-spd-ob\/wp-json\/wp\/v2\/users\/1"}],"replies":[{"embeddable":true,"href":"https:\/\/meier-gerdingh.de\/wp-spd-ob\/wp-json\/wp\/v2\/comments?post=12269"}],"version-history":[{"count":0,"href":"https:\/\/meier-gerdingh.de\/wp-spd-ob\/wp-json\/wp\/v2\/posts\/12269\/revisions"}],"wp:attachment":[{"href":"https:\/\/meier-gerdingh.de\/wp-spd-ob\/wp-json\/wp\/v2\/media?parent=12269"}],"wp:term":[{"taxonomy":"category","embeddable":true,"href":"https:\/\/meier-gerdingh.de\/wp-spd-ob\/wp-json\/wp\/v2\/categories?post=12269"},{"taxonomy":"post_tag","embeddable":true,"href":"https:\/\/meier-gerdingh.de\/wp-spd-ob\/wp-json\/wp\/v2\/tags?post=12269"},{"taxonomy":"quellen","embeddable":true,"href":"https:\/\/meier-gerdingh.de\/wp-spd-ob\/wp-json\/wp\/v2\/quellen?post=12269"}],"curies":[{"name":"wp","href":"https:\/\/api.w.org\/{rel}","templated":true}]}}