{"id":12294,"date":"2025-02-14T13:54:38","date_gmt":"2025-02-14T12:54:38","guid":{"rendered":"https:\/\/meier-gerdingh.de\/wp-spd-ob\/?p=12294"},"modified":"2025-02-14T13:54:38","modified_gmt":"2025-02-14T12:54:38","slug":"stadt-und-land-muessen-handeln","status":"publish","type":"post","link":"https:\/\/meier-gerdingh.de\/wp-spd-ob\/2025\/02\/14\/stadt-und-land-muessen-handeln\/","title":{"rendered":"Stadt und Land m\u00fcssen handeln"},"content":{"rendered":"<div id=\"attachment_11867\" style=\"width: 250px\" class=\"wp-caption alignleft\"><a href=\"https:\/\/meier-gerdingh.de\/wp-spd-ob\/wp-content\/uploads\/2024\/11\/thorsten-berg-portrait-lg.jpg\"><img aria-describedby=\"caption-attachment-11867\" decoding=\"async\" class=\"size-full wp-image-11867\" src=\"https:\/\/meier-gerdingh.de\/wp-spd-ob\/wp-content\/uploads\/2024\/11\/thorsten-berg-portrait.jpg\" alt=\"\" width=\"240\" height=\"360\" srcset=\"https:\/\/meier-gerdingh.de\/wp-spd-ob\/wp-content\/uploads\/2024\/11\/thorsten-berg-portrait.jpg 240w, https:\/\/meier-gerdingh.de\/wp-spd-ob\/wp-content\/uploads\/2024\/11\/thorsten-berg-portrait-200x300.jpg 200w\" sizes=\"(max-width: 240px) 100vw, 240px\" \/><\/a><p id=\"caption-attachment-11867\" class=\"wp-caption-text\">Thorsten Berg, ist der designierte Oberb\u00fcrgermeister-Kandidat der Oberhausener SPD<\/p><\/div>\n<p>Es d\u00fcrfe nicht hingenommen werden, dass die Mieten in Oberhausen weiter explodieren und insbesondere Familien immer st\u00e4rker belastet werden, sagen der SPD-Abgeordnete Stefen Zimkeit und der Oberb\u00fcrgermeisterkandidat Thorsten Berg. &#8222;Es ist ein Armutszeugnis, dass unsere Stadt, die bei vielen Rankings oft Schlusslicht ist, ausgerechnet bei Mietsteigerungen an der Spitze liegt&#8220;, kommentiert Berg die Zahlen des Institutes der Deutschen Wirtschaft.<\/p>\n<p>Thorsten Berg fordert deshalb eine Mindestquote f\u00fcr Sozialwohnungen bei gro\u00dfen Neubauprojekten. &#8222;Bei uns sinkt die Zahl der Sozialwohnungen in den n\u00e4chsten zehn Jahren von zirka 6000 auf 1600, wenn wir nicht handeln.&#8220; Er kritisiert, dass CDU, FDP, AFD und Linke im Rat die Einf\u00fchrung einer solche Quote, die in anderen St\u00e4dten erfolgreich angewendet wird, abgelehnt haben.<!--more--><\/p>\n<p>Stefan Zimkeit fordert auch die Landesregierung auf, zu handeln. &#8222;Schwarz-Gr\u00fcn wendet die M\u00f6glichkeiten des Mieterschutzes und der Begrenzung des Mietanstiegs nur z\u00f6gerlich an. Das ist zum Schaden von Mieterinnen und Mietern auch in Oberhausen.&#8220;<\/p>\n<p>Zimkeit k\u00fcndigt an, dass die SPD in der n\u00e4chsten Woche im Landtag eine Initiative einbringen wird, die Mietpreisbremse auf noch mehr St\u00e4dte auszudehnen.<\/p>\n<p>&#8222;In Oberhausen steigen die Mieten st\u00e4rker als in D\u00fcsseldorf. Deshalb ben\u00f6tigen auch die Mieterinnen und Mieter bei uns diesen besonderen Schutz.&#8220; Stefan Zimkeit kritisiert, dass die Landesregierung die Mieterschutzverordnung nur auf 57 von \u00fcber 100 m\u00f6glichen St\u00e4dten anwende und zur Berechnung auf veraltete Zahlen von 2012 zur\u00fcckgreife.<\/p>\n<p>&#8222;Wir m\u00fcssen verhindern, dass immer mehr Menschen durch explodierende Mieten in eine soziale Schieflage geraten&#8220;, erkl\u00e4rt Thorsten Berg. Dazu sei ein aktiver Mieterschutz durch das Land und die st\u00e4rkere F\u00f6rderung des sozialen Wohnungsbaus durch die Stadt notwendig.<\/p>\n","protected":false},"excerpt":{"rendered":"<p>Es d\u00fcrfe nicht hingenommen werden, dass die Mieten in Oberhausen weiter explodieren und insbesondere Familien immer st\u00e4rker belastet werden, sagen der SPD-Abgeordnete Stefen Zimkeit und der Oberb\u00fcrgermeisterkandidat Thorsten Berg. &#8222;Es&hellip; <\/p>\n","protected":false},"author":1,"featured_media":0,"comment_status":"closed","ping_status":"closed","sticky":false,"template":"","format":"standard","meta":{"footnotes":""},"categories":[216,27],"tags":[2367,1502,2017,313,2185,4384,251,4385,1501,1881,4224,2453,2323],"quellen":[331],"class_list":["post-12294","post","type-post","status-publish","format-standard","hentry","category-land","category-planen-bauen-wohnen-verkehr","tag-institut-der-deutschen-wirtschaft","tag-mieten","tag-mieterinnen-und-mieter","tag-mietpreisbremse","tag-mietsteigerungen","tag-mindestquote-sozialwohnungen","tag-ob-kandidat","tag-rankings","tag-sozialer-wohnungsbau","tag-sozialwohnungen","tag-spd-ob-kandidat","tag-spd-oberbuergermeisterkandidat","tag-thorsten-berg","quellen-mdl-stefan-zimkeit"],"_links":{"self":[{"href":"https:\/\/meier-gerdingh.de\/wp-spd-ob\/wp-json\/wp\/v2\/posts\/12294","targetHints":{"allow":["GET"]}}],"collection":[{"href":"https:\/\/meier-gerdingh.de\/wp-spd-ob\/wp-json\/wp\/v2\/posts"}],"about":[{"href":"https:\/\/meier-gerdingh.de\/wp-spd-ob\/wp-json\/wp\/v2\/types\/post"}],"author":[{"embeddable":true,"href":"https:\/\/meier-gerdingh.de\/wp-spd-ob\/wp-json\/wp\/v2\/users\/1"}],"replies":[{"embeddable":true,"href":"https:\/\/meier-gerdingh.de\/wp-spd-ob\/wp-json\/wp\/v2\/comments?post=12294"}],"version-history":[{"count":0,"href":"https:\/\/meier-gerdingh.de\/wp-spd-ob\/wp-json\/wp\/v2\/posts\/12294\/revisions"}],"wp:attachment":[{"href":"https:\/\/meier-gerdingh.de\/wp-spd-ob\/wp-json\/wp\/v2\/media?parent=12294"}],"wp:term":[{"taxonomy":"category","embeddable":true,"href":"https:\/\/meier-gerdingh.de\/wp-spd-ob\/wp-json\/wp\/v2\/categories?post=12294"},{"taxonomy":"post_tag","embeddable":true,"href":"https:\/\/meier-gerdingh.de\/wp-spd-ob\/wp-json\/wp\/v2\/tags?post=12294"},{"taxonomy":"quellen","embeddable":true,"href":"https:\/\/meier-gerdingh.de\/wp-spd-ob\/wp-json\/wp\/v2\/quellen?post=12294"}],"curies":[{"name":"wp","href":"https:\/\/api.w.org\/{rel}","templated":true}]}}