{"id":12296,"date":"2025-02-14T14:25:33","date_gmt":"2025-02-14T13:25:33","guid":{"rendered":"https:\/\/meier-gerdingh.de\/wp-spd-ob\/?p=12296"},"modified":"2025-03-03T12:19:15","modified_gmt":"2025-03-03T11:19:15","slug":"einladung-zur-diskussionsveranstaltung-mit-dem-bundestagsabgeordneten-dirk-voepel","status":"publish","type":"post","link":"https:\/\/meier-gerdingh.de\/wp-spd-ob\/2025\/02\/14\/einladung-zur-diskussionsveranstaltung-mit-dem-bundestagsabgeordneten-dirk-voepel\/","title":{"rendered":"Einladung zur Diskussionsveranstaltung mit dem Bundestagsabgeordneten Dirk V\u00f6pel"},"content":{"rendered":"<p><a href=\"https:\/\/meier-gerdingh.de\/wp-spd-ob\/wp-content\/uploads\/2025\/02\/banner-dirk-voepel-ag-60-plus-25-02-19.jpg\"><img decoding=\"async\" class=\"aligncenter size-full wp-image-12292\" src=\"https:\/\/meier-gerdingh.de\/wp-spd-ob\/wp-content\/uploads\/2025\/02\/banner-dirk-voepel-ag-60-plus-25-02-19.jpg\" alt=\"\" width=\"960\" height=\"540\" srcset=\"https:\/\/meier-gerdingh.de\/wp-spd-ob\/wp-content\/uploads\/2025\/02\/banner-dirk-voepel-ag-60-plus-25-02-19.jpg 960w, https:\/\/meier-gerdingh.de\/wp-spd-ob\/wp-content\/uploads\/2025\/02\/banner-dirk-voepel-ag-60-plus-25-02-19-300x169.jpg 300w\" sizes=\"(max-width: 960px) 100vw, 960px\" \/><\/a>Die SPD-Seniorinnen und Senioren der Arbeitsgemeinschaft 60 plus laden alle interessierten B\u00fcrgerinnen und B\u00fcrger herzlich ein zu einer <strong>Informations- und Diskussionsveranstaltung mit MdB Dirk V\u00f6pel<\/strong>, Bundestagsabgeordneter f\u00fcr Oberhausen und Dinslaken. Der SPD-Direktkandidat f\u00fcr die Bundestagswahl am 23. Februar wird sich sich und zentrale Teile des SPD-Wahlprogramms vorstellen. Er freut sich auf Ihre Fragen und eine anregende Diskussion.<!--more--><\/p>\n<p>Die \u00f6ffentliche Veranstaltung der AG 60 plus findet statt:<\/p>\n<p><strong>Termin:<br \/>\nMittwoch,<br \/>\n19.02.2025,<br \/>\nab 18.00 Uhr<\/strong><\/p>\n<p><strong>Ort:<br \/>\nCaf\u00e9 &amp; Bistro Jahreszeiten<br \/>\nAn der Guten Hoffnung 8<br \/>\n46145 Oberhausen<\/strong><\/p>\n<div class='ajde_evcal_calendar eventon_single_event eventon_event evo_sin_box sev cev color esty_2' ><div class='evo-data'   data-ux_val='1' data-exturl='' data-mapscroll='true' data-mapformat='roadmap' data-mapzoom='16' ><\/div><div class='evo_cal_data' data-sc='{\"excerpt\":\"no\",\"expanded\":\"no\",\"ux_val\":1,\"exturl\":\"\",\"mapscroll\":\"true\",\"mapformat\":\"roadmap\",\"mapzoom\":\"16\",\"maps_load\":\"yes\"}'><\/div><div id='evcal_list' class='eventon_events_list '>Missing Event Data<\/div><\/div>\n","protected":false},"excerpt":{"rendered":"<p>Die SPD-Seniorinnen und Senioren der Arbeitsgemeinschaft 60 plus laden alle interessierten B\u00fcrgerinnen und B\u00fcrger herzlich ein zu einer Informations- und Diskussionsveranstaltung mit MdB Dirk V\u00f6pel, Bundestagsabgeordneter f\u00fcr Oberhausen und Dinslaken.&hellip; <\/p>\n","protected":false},"author":1,"featured_media":0,"comment_status":"closed","ping_status":"closed","sticky":false,"template":"","format":"standard","meta":{"footnotes":""},"categories":[171,178],"tags":[4383,4386],"quellen":[328],"class_list":["post-12296","post","type-post","status-publish","format-standard","hentry","category-veranstaltungen","category-wahlen","tag-bundestagswahl-2025","tag-spd-regierungsprogramm-2025","quellen-ag-60-plus-oberhausen"],"_links":{"self":[{"href":"https:\/\/meier-gerdingh.de\/wp-spd-ob\/wp-json\/wp\/v2\/posts\/12296","targetHints":{"allow":["GET"]}}],"collection":[{"href":"https:\/\/meier-gerdingh.de\/wp-spd-ob\/wp-json\/wp\/v2\/posts"}],"about":[{"href":"https:\/\/meier-gerdingh.de\/wp-spd-ob\/wp-json\/wp\/v2\/types\/post"}],"author":[{"embeddable":true,"href":"https:\/\/meier-gerdingh.de\/wp-spd-ob\/wp-json\/wp\/v2\/users\/1"}],"replies":[{"embeddable":true,"href":"https:\/\/meier-gerdingh.de\/wp-spd-ob\/wp-json\/wp\/v2\/comments?post=12296"}],"version-history":[{"count":0,"href":"https:\/\/meier-gerdingh.de\/wp-spd-ob\/wp-json\/wp\/v2\/posts\/12296\/revisions"}],"wp:attachment":[{"href":"https:\/\/meier-gerdingh.de\/wp-spd-ob\/wp-json\/wp\/v2\/media?parent=12296"}],"wp:term":[{"taxonomy":"category","embeddable":true,"href":"https:\/\/meier-gerdingh.de\/wp-spd-ob\/wp-json\/wp\/v2\/categories?post=12296"},{"taxonomy":"post_tag","embeddable":true,"href":"https:\/\/meier-gerdingh.de\/wp-spd-ob\/wp-json\/wp\/v2\/tags?post=12296"},{"taxonomy":"quellen","embeddable":true,"href":"https:\/\/meier-gerdingh.de\/wp-spd-ob\/wp-json\/wp\/v2\/quellen?post=12296"}],"curies":[{"name":"wp","href":"https:\/\/api.w.org\/{rel}","templated":true}]}}