{"id":123,"date":"2000-02-25T17:00:00","date_gmt":"2000-02-25T15:00:00","guid":{"rendered":"http:\/\/www.meier-gerdingh.de\/spd-oberhausen\/wp\/?p=123"},"modified":"2017-05-01T12:57:41","modified_gmt":"2017-05-01T10:57:41","slug":"spd-im-revier-blickt-mit-neuer-zeichensetzung-nach-vorn","status":"publish","type":"post","link":"https:\/\/meier-gerdingh.de\/wp-spd-ob\/2000\/02\/25\/spd-im-revier-blickt-mit-neuer-zeichensetzung-nach-vorn\/","title":{"rendered":"SPD im Revier blickt mit neuer Zeichensetzung nach vorn"},"content":{"rendered":"<div style=\"width: 150px\" class=\"wp-caption alignleft\"><a href=\"http:\/\/meier-gerdingh.de\/wp-spd-ob\/wp-content\/uploads\/groschek.jpg\"><img decoding=\"async\" class=\"size-full\" src=\"http:\/\/meier-gerdingh.de\/wp-spd-ob\/wp-content\/uploads\/groschek.jpg\" alt=\"Michael Groschek\" width=\"140\" height=\"180\" \/><\/a><p class=\"wp-caption-text\">Michael Groschek<\/p><\/div>\n<p>Zur ersten Sitzung im neuen Jahr traf sich die SPD-Fraktionsvorsitzendenrunde im Dortmunder Rathaus. Unter Leitung des Oberhausener Fraktionschefs Michael Groschek zogen die Sozialdemokraten in Anwesenheit ihres Landesgesch\u00e4ftsf\u00fchrers Ulrich Wehrh\u00f6fer eine eher n\u00fcchterne Bilanz der CDU-Rathauspolitik in der Region.<!--more--><\/p>\n<p>Au\u00dfer dem Drehen an Parkuhren haben die neuen Rathausmehrheiten nicht viel mehr auf den Weg gebracht, als Parteibuchinhaber ihres Vertrauens auf wichtige Beamtensessel zu bef\u00f6rdern, urteilten die SPD-Fraktionsvorsitzenden im Revier.<\/p>\n<p>Man werde sich ruhrgebietsweit jedoch nicht in den Schmollwinkel setzen und im zornigen Blick zur\u00fcck verharren, so der Oberhausener Michael Groschek als Sprecher. Es gilt, neue politische Akzente zu setzen und der SPD im Ruhrgebiet auch dadurch ein klares Profil als f\u00fchrende Regionalpartei zu geben.<\/p>\n<p>Wir wollen, so die Fraktionsvorsitzenden, eine Bewegung initiieren, die vor Ort zu einer politischen Kultur des Mitmachens f\u00fchrt. Der Tenor &#8222;Mitmachen statt Miesmachen&#8220; m\u00fcsse den Chor kommunaler Politik bestimmen, denn nur durch mehr B\u00fcrgerbeteiligung und das Bilden von Verantwortungsgemeinschaften l\u00e4sst sich die notwendige n\u00e4chste Etappe des Strukturwandels erfolgreich gestalten. Angesichts des Besch\u00e4ftigungsabbaus im traditionellen Industriebereich bleibe das Schaffen neuer Arbeits- und Ausbildungspl\u00e4tze die herausragende Aufgabe der regionalen Strukturpolitik.<\/p>\n<p>Das gute Klima des beginnenden Aufschwungs m\u00fcsse auch von der Projekt Ruhr GmbH genutzt werden. Von ihr, so Groschek, erwarte man eine Startphase mit Projektvorschl\u00e4gen, die deutlich machten, dass man das Erbe der IBA nicht nur verwalten, sondern verantwortlich weiterentwickeln will und dar\u00fcber hinaus deutliche Akzentsetzungen im Bereich der regionalen Wirtschaftsf\u00f6rderung und des Technologietransfers.<\/p>\n<p>Gerade angesichts der nicht abebbenden Fusionsflut sei es notwendig, alle Kr\u00e4fte f\u00fcr die Schaffung zukunftsf\u00e4higer Arbeits- und Ausbildungspl\u00e4tze gerade auch im Bereich der Internet-Perspektiven zu b\u00fcndeln. Dabei ist die Politik vor allen Dingen gefordert, dem Mittelstand und den Existenzgr\u00fcndern den R\u00fccken zu st\u00e4rken und den Weg frei zu r\u00e4umen.<\/p>\n","protected":false},"excerpt":{"rendered":"<p>Zur ersten Sitzung im neuen Jahr traf sich die SPD-Fraktionsvorsitzendenrunde im Dortmunder Rathaus. Unter Leitung des Oberhausener Fraktionschefs Michael Groschek zogen die Sozialdemokraten in Anwesenheit ihres Landesgesch\u00e4ftsf\u00fchrers Ulrich Wehrh\u00f6fer eine&hellip; <\/p>\n","protected":false},"author":1,"featured_media":0,"comment_status":"closed","ping_status":"closed","sticky":false,"template":"","format":"standard","meta":{"footnotes":""},"categories":[1],"tags":[],"quellen":[],"class_list":["post-123","post","type-post","status-publish","format-standard","hentry","category-allgemein"],"_links":{"self":[{"href":"https:\/\/meier-gerdingh.de\/wp-spd-ob\/wp-json\/wp\/v2\/posts\/123","targetHints":{"allow":["GET"]}}],"collection":[{"href":"https:\/\/meier-gerdingh.de\/wp-spd-ob\/wp-json\/wp\/v2\/posts"}],"about":[{"href":"https:\/\/meier-gerdingh.de\/wp-spd-ob\/wp-json\/wp\/v2\/types\/post"}],"author":[{"embeddable":true,"href":"https:\/\/meier-gerdingh.de\/wp-spd-ob\/wp-json\/wp\/v2\/users\/1"}],"replies":[{"embeddable":true,"href":"https:\/\/meier-gerdingh.de\/wp-spd-ob\/wp-json\/wp\/v2\/comments?post=123"}],"version-history":[{"count":0,"href":"https:\/\/meier-gerdingh.de\/wp-spd-ob\/wp-json\/wp\/v2\/posts\/123\/revisions"}],"wp:attachment":[{"href":"https:\/\/meier-gerdingh.de\/wp-spd-ob\/wp-json\/wp\/v2\/media?parent=123"}],"wp:term":[{"taxonomy":"category","embeddable":true,"href":"https:\/\/meier-gerdingh.de\/wp-spd-ob\/wp-json\/wp\/v2\/categories?post=123"},{"taxonomy":"post_tag","embeddable":true,"href":"https:\/\/meier-gerdingh.de\/wp-spd-ob\/wp-json\/wp\/v2\/tags?post=123"},{"taxonomy":"quellen","embeddable":true,"href":"https:\/\/meier-gerdingh.de\/wp-spd-ob\/wp-json\/wp\/v2\/quellen?post=123"}],"curies":[{"name":"wp","href":"https:\/\/api.w.org\/{rel}","templated":true}]}}