{"id":12301,"date":"2025-02-19T19:48:55","date_gmt":"2025-02-19T18:48:55","guid":{"rendered":"https:\/\/meier-gerdingh.de\/wp-spd-ob\/?p=12301"},"modified":"2025-02-19T19:48:55","modified_gmt":"2025-02-19T18:48:55","slug":"nrw-braucht-ein-antidiskriminierungsgesetz-gegen-jede-form-von-diskriminierung","status":"publish","type":"post","link":"https:\/\/meier-gerdingh.de\/wp-spd-ob\/2025\/02\/19\/nrw-braucht-ein-antidiskriminierungsgesetz-gegen-jede-form-von-diskriminierung\/","title":{"rendered":"NRW braucht ein Antidiskriminierungsgesetz gegen jede Form von Diskriminierung"},"content":{"rendered":"<p><a href=\"https:\/\/meier-gerdingh.de\/wp-spd-ob\/wp-content\/uploads\/2023\/03\/banner-diese-woche-im-landtag-01.jpg\"><img decoding=\"async\" class=\"aligncenter size-full wp-image-10267\" src=\"https:\/\/meier-gerdingh.de\/wp-spd-ob\/wp-content\/uploads\/2023\/03\/banner-diese-woche-im-landtag-01.jpg\" alt=\"\" width=\"700\" height=\"258\" srcset=\"https:\/\/meier-gerdingh.de\/wp-spd-ob\/wp-content\/uploads\/2023\/03\/banner-diese-woche-im-landtag-01.jpg 700w, https:\/\/meier-gerdingh.de\/wp-spd-ob\/wp-content\/uploads\/2023\/03\/banner-diese-woche-im-landtag-01-300x111.jpg 300w\" sizes=\"(max-width: 700px) 100vw, 700px\" \/><\/a>NRW ben\u00f6tigt eine unabh\u00e4ngige Antidiskriminierungsstelle, die unter anderem die Sichtbarkeit der Arbeit der Beratungs- und Meldestellen gegen Diskriminierung in NRW durch geeignete \u00f6ffentlichkeitswirksame Ma\u00dfnahmen erh\u00f6ht. Zudem muss die Zusammenarbeit mit der Antidiskriminierungsstelle des Bundes und anderer Akteure in den L\u00e4ndern verbessert werden. Im regelm\u00e4\u00dfigen Austausch m\u00fcssen die gewonnen Erkenntnisse in gezielte Handlungsempfehlungen umgewandelt werden.<!--more--><\/p>\n<h3 class=\"spd-ob-crossheading\">Problem Rechtsextremismus<\/h3>\n<p>Diskriminierung ist in Deutschland allgegenw\u00e4rtig. Die Gr\u00fcnde sind unterschiedlich: Alter, Behinderung oder chronische Krankheit, mangelnde Deutschkenntnisse, Migration aus einem anderen Land, wegen eines nicht deutsch klingenden Namens, religi\u00f6ser Zugeh\u00f6rigkeit oder der Hautfarbe, Geschlecht, der sexuellen Identit\u00e4t oder Orientierung.<\/p>\n<p>Die j\u00fcngste &#8222;Mitte-Studie&#8220; des Instituts f\u00fcr interdisziplin\u00e4re Konflikt- und Gewaltforschung der Universit\u00e4t Bielefeld aus dem Jahre 2023 belegt, dass die Mitte der Gesellschaft immer empf\u00e4nglicher f\u00fcr menschenfeindliche Positionen wird. Laut Studie vertreten 16,2 Prozent der Bev\u00f6lkerung rassistische Auffassungen. Der Wert hat sich seit der vorangegangenen Erhebung zwei Jahre zuvor mehr als verdreifacht (2021\/22: rund 5 Prozent).<\/p>\n<p>Alarmierend sind auch die Zahlen bei der Bef\u00fcrwortung von Gewalt: Grunds\u00e4tzlich w\u00fcrden 17 Prozent der Befragten Gewalt billigen. Die Zahl der rechtsextremen Straftaten in Deutschland hat laut einem Bericht des Bundesinnenministeriums im vergangenen Jahr einen neuen H\u00f6chststand erreicht. Allein bis zum 30. November 2024 verzeichnete die Polizei demnach bundesweit 33.963 Delikte im Bereich &#8222;politisch motivierte Kriminalit\u00e4t &#8211; rechts&#8220;.<\/p>\n<p>Im Jahr 2023 verzeichnete das Bundeskriminalamt (BKA) in seiner Statistik laut Antwort des Innenministeriums insgesamt 28.945 rechtsmotivierte politische Straftaten. 2024 ist die Zahl der Straftaten demnach um mindestens 17,34 Prozent angestiegen. Die abschlie\u00dfende Zahl wird voraussichtlich im Mai 2025 vom BKA vorgestellt. Sie d\u00fcrfte wegen der im Dezember begangener Straftaten und versp\u00e4teter Nachmeldungen noch h\u00f6her sein. Den gr\u00f6\u00dften Anteil der Straftaten machten 2024 Propagandadelikte (21.311) und Volksverhetzungen (5.097) aus, die Polizei verzeichnete au\u00dferdem 1.942 Sachbesch\u00e4digungen.<\/p>\n","protected":false},"excerpt":{"rendered":"<p>NRW ben\u00f6tigt eine unabh\u00e4ngige Antidiskriminierungsstelle, die unter anderem die Sichtbarkeit der Arbeit der Beratungs- und Meldestellen gegen Diskriminierung in NRW durch geeignete \u00f6ffentlichkeitswirksame Ma\u00dfnahmen erh\u00f6ht. Zudem muss die Zusammenarbeit mit&hellip; <\/p>\n","protected":false},"author":1,"featured_media":0,"comment_status":"closed","ping_status":"closed","sticky":false,"template":"","format":"standard","meta":{"footnotes":""},"categories":[4120,404,216,3343],"tags":[4390,4391,3523,863],"quellen":[1317],"class_list":["post-12301","post","type-post","status-publish","format-standard","hentry","category-die-woche-im-landtag","category-gemeinsam-gegen-rechts","category-land","category-menschenrechte","tag-antidiskriminierungsgesetz","tag-antidiskriminierungsstelle","tag-diskriminierung","tag-rechtsextremismus","quellen-mdl-sonja-bongers"],"_links":{"self":[{"href":"https:\/\/meier-gerdingh.de\/wp-spd-ob\/wp-json\/wp\/v2\/posts\/12301","targetHints":{"allow":["GET"]}}],"collection":[{"href":"https:\/\/meier-gerdingh.de\/wp-spd-ob\/wp-json\/wp\/v2\/posts"}],"about":[{"href":"https:\/\/meier-gerdingh.de\/wp-spd-ob\/wp-json\/wp\/v2\/types\/post"}],"author":[{"embeddable":true,"href":"https:\/\/meier-gerdingh.de\/wp-spd-ob\/wp-json\/wp\/v2\/users\/1"}],"replies":[{"embeddable":true,"href":"https:\/\/meier-gerdingh.de\/wp-spd-ob\/wp-json\/wp\/v2\/comments?post=12301"}],"version-history":[{"count":0,"href":"https:\/\/meier-gerdingh.de\/wp-spd-ob\/wp-json\/wp\/v2\/posts\/12301\/revisions"}],"wp:attachment":[{"href":"https:\/\/meier-gerdingh.de\/wp-spd-ob\/wp-json\/wp\/v2\/media?parent=12301"}],"wp:term":[{"taxonomy":"category","embeddable":true,"href":"https:\/\/meier-gerdingh.de\/wp-spd-ob\/wp-json\/wp\/v2\/categories?post=12301"},{"taxonomy":"post_tag","embeddable":true,"href":"https:\/\/meier-gerdingh.de\/wp-spd-ob\/wp-json\/wp\/v2\/tags?post=12301"},{"taxonomy":"quellen","embeddable":true,"href":"https:\/\/meier-gerdingh.de\/wp-spd-ob\/wp-json\/wp\/v2\/quellen?post=12301"}],"curies":[{"name":"wp","href":"https:\/\/api.w.org\/{rel}","templated":true}]}}