{"id":12304,"date":"2025-02-19T19:55:05","date_gmt":"2025-02-19T18:55:05","guid":{"rendered":"https:\/\/meier-gerdingh.de\/wp-spd-ob\/?p=12304"},"modified":"2025-02-19T19:55:05","modified_gmt":"2025-02-19T18:55:05","slug":"bezahlbaren-wohnraum-fuer-studierende-und-azubis-schaffen","status":"publish","type":"post","link":"https:\/\/meier-gerdingh.de\/wp-spd-ob\/2025\/02\/19\/bezahlbaren-wohnraum-fuer-studierende-und-azubis-schaffen\/","title":{"rendered":"Bezahlbaren Wohnraum f\u00fcr Studierende und Azubis schaffen"},"content":{"rendered":"<p><a href=\"https:\/\/meier-gerdingh.de\/wp-spd-ob\/wp-content\/uploads\/2023\/03\/banner-diese-woche-im-landtag-01.jpg\"><img decoding=\"async\" class=\"aligncenter size-full wp-image-10267\" src=\"https:\/\/meier-gerdingh.de\/wp-spd-ob\/wp-content\/uploads\/2023\/03\/banner-diese-woche-im-landtag-01.jpg\" alt=\"\" width=\"700\" height=\"258\" srcset=\"https:\/\/meier-gerdingh.de\/wp-spd-ob\/wp-content\/uploads\/2023\/03\/banner-diese-woche-im-landtag-01.jpg 700w, https:\/\/meier-gerdingh.de\/wp-spd-ob\/wp-content\/uploads\/2023\/03\/banner-diese-woche-im-landtag-01-300x111.jpg 300w\" sizes=\"(max-width: 700px) 100vw, 700px\" \/><\/a>Die Wohnkosten f\u00fcr Studierende und Auszubildende verharren auf einem hohen Niveau. Nach einer Untersuchung des Moses-Mendelssohn-Instituts aus dem Jahr 2024, zahlen Studierende in Deutschland durchschnittlich 479&nbsp;\u20ac pro Monat f\u00fcr ihre Wohnung oder ihr WG-Zimmer. Das ist weit mehr als die BAf\u00f6G-Wohnkostenpauschale von derzeit 380&nbsp;\u20ac. Dabei sind die Unterschiede zwischen den Bundesl\u00e4ndern und einzelnen Hochschulstandorten mitunter enorm.<\/p>\n<p>Von dieser Situation sind auch die jungen Menschen an den Hochschulstandorten in Nordrhein-Westfalen betroffen. So gibt die Studie etwa f\u00fcr den Hochschulstandort K\u00f6ln Wohnkosten von 550 bis 560\u00a0\u20ac pro Monat an. Auch f\u00fcr die Hochschulstandorte Bochum, Dortmund, Aachen und M\u00fcnster ergeben sich Werte, die oberhalb der Baf\u00f6g-Wohnkostenpauschale liegen. Das betrifft jedoch nicht nur Studierende, sondern auch Auszubildende.<!--more--><\/p>\n<h3 class=\"spd-ob-crossheading\">Wohnungsbauprogramm notwendig<\/h3>\n<p>Die Gr\u00fcnde hierf\u00fcr sind vielf\u00e4ltig. &#8222;Zu jedem Wintersemester oder Studienbeginn sind aufgrund eines Nachfragehochs enorme Engp\u00e4sse bei der Wohnsituation zu verzeichnen. Ein zu geringes Angebot treibt die Preise in die H\u00f6he. So ist beispielsweise die Anzahl an Studierendenwohnheimpl\u00e4tzen nach Angaben der Landesregierung im Zeitraum von 2018 bis 2023 trotz steigendem Bedarf um 7,7% zur\u00fcck gegangen. Der Mangel an bezahlbarem Wohnraum f\u00fcr diese Zielgruppe gilt auch jenseits der gro\u00dfen Hochschulstandorte. Viele Auszubildende finden keinen Wohnraum am potenziellen Ausbildungsort und entscheiden sich deshalb gegen einen Ausbildungsort. Angesichts des Fachkr\u00e4ftemangels und der n\u00f6tigen Fachkr\u00e4ftesicherung in vielen Ausbildungsberufen besteht hier dringender Handlungsbedarf&#8220;, teilt Sonja Bongers mit.<\/p>\n<p>Und weiter: &#8222;Diese Situation f\u00fchrt zu einer deutlichen Einschr\u00e4nkung von Chancengleichheit f\u00fcr junge Menschen im Ausbildungsgang, weil eine freie Wahl des Hochschulstandorts und damit oftmals auch des Ausbildungsgangs vielfach an den nicht aufbringbaren Wohnkosten vor Ort scheitert. Nur eine erhebliche Ausweitung eines bezahlbaren Wohnraumangebotes f\u00fcr diese Zielgruppe kann zu einer nachhaltigen L\u00f6sung der geschilderten Probleme f\u00fchren&#8220;.<\/p>\n<p>NRW m\u00fcsse, so Bongers, hier deutlich mehr tun. &#8222;Wir ben\u00f6tigen ein gezieltes Wohnungsbauprogramm f\u00fcr Wohnungen und Wohnheimpl\u00e4tze f\u00fcr Studierende und Auszubildende. Nur so k\u00f6nnen wir eine vern\u00fcnftige Grundlage f\u00fcr den Nachwuchs schaffen.&#8220;<\/p>\n","protected":false},"excerpt":{"rendered":"<p>Die Wohnkosten f\u00fcr Studierende und Auszubildende verharren auf einem hohen Niveau. Nach einer Untersuchung des Moses-Mendelssohn-Instituts aus dem Jahr 2024, zahlen Studierende in Deutschland durchschnittlich 479&nbsp;\u20ac pro Monat f\u00fcr ihre&hellip; <\/p>\n","protected":false},"author":1,"featured_media":0,"comment_status":"closed","ping_status":"closed","sticky":false,"template":"","format":"standard","meta":{"footnotes":""},"categories":[231,4120,216,27],"tags":[1780,233,4397,3023,3183,4396,4395,3022,108,4342],"quellen":[1317],"class_list":["post-12304","post","type-post","status-publish","format-standard","hentry","category-bildung","category-die-woche-im-landtag","category-land","category-planen-bauen-wohnen-verkehr","tag-auszubildende","tag-bafoeg","tag-bafoeg-wohnkostenpauschale","tag-bezahlbarer-wohnraum","tag-studierende","tag-wohnraum-fuer-auszubildende","tag-wohnraum-fuer-studierende","tag-wohnungen","tag-wohnungsbau","tag-wohnungsmangel","quellen-mdl-sonja-bongers"],"_links":{"self":[{"href":"https:\/\/meier-gerdingh.de\/wp-spd-ob\/wp-json\/wp\/v2\/posts\/12304","targetHints":{"allow":["GET"]}}],"collection":[{"href":"https:\/\/meier-gerdingh.de\/wp-spd-ob\/wp-json\/wp\/v2\/posts"}],"about":[{"href":"https:\/\/meier-gerdingh.de\/wp-spd-ob\/wp-json\/wp\/v2\/types\/post"}],"author":[{"embeddable":true,"href":"https:\/\/meier-gerdingh.de\/wp-spd-ob\/wp-json\/wp\/v2\/users\/1"}],"replies":[{"embeddable":true,"href":"https:\/\/meier-gerdingh.de\/wp-spd-ob\/wp-json\/wp\/v2\/comments?post=12304"}],"version-history":[{"count":0,"href":"https:\/\/meier-gerdingh.de\/wp-spd-ob\/wp-json\/wp\/v2\/posts\/12304\/revisions"}],"wp:attachment":[{"href":"https:\/\/meier-gerdingh.de\/wp-spd-ob\/wp-json\/wp\/v2\/media?parent=12304"}],"wp:term":[{"taxonomy":"category","embeddable":true,"href":"https:\/\/meier-gerdingh.de\/wp-spd-ob\/wp-json\/wp\/v2\/categories?post=12304"},{"taxonomy":"post_tag","embeddable":true,"href":"https:\/\/meier-gerdingh.de\/wp-spd-ob\/wp-json\/wp\/v2\/tags?post=12304"},{"taxonomy":"quellen","embeddable":true,"href":"https:\/\/meier-gerdingh.de\/wp-spd-ob\/wp-json\/wp\/v2\/quellen?post=12304"}],"curies":[{"name":"wp","href":"https:\/\/api.w.org\/{rel}","templated":true}]}}